{"id":160934,"date":"2026-05-16T00:49:26","date_gmt":"2026-05-16T00:49:26","guid":{"rendered":"https:\/\/www.europesays.com\/at\/160934\/"},"modified":"2026-05-16T00:49:26","modified_gmt":"2026-05-16T00:49:26","slug":"wird-krieg-groesser-selenskyj-russland-erwaegt-angriff-auf-nato-staat-kronen-zeitung","status":"publish","type":"post","link":"https:\/\/www.europesays.com\/at\/160934\/","title":{"rendered":"Wird Krieg gr\u00f6\u00dfer? &#8211; Selenskyj: Russland erw\u00e4gt Angriff auf NATO-Staat &#8211; Kronen Zeitung"},"content":{"rendered":"<p><a href=\"https:\/\/news.google.com\/rss\/articles\/CBMiQkFVX3lxTE5wOVZmdmZWRjM3QnBxaTBFU25VaGh2U3MzamVTMGo2RHVTbjk3QVRaY0VmTmx4eUxKeG82VVBoVm9xUQ?oc=5\" target=\"_blank\" rel=\"nofollow noopener\">Wird Krieg gr\u00f6\u00dfer? &#8211; Selenskyj: Russland erw\u00e4gt Angriff auf NATO-Staat<\/a>&nbsp;&nbsp;Kronen Zeitung<a href=\"https:\/\/news.google.com\/rss\/articles\/CBMiqAFBVV95cUxPLXhvVFlkME9xb0JOUWpPQ2QxRTVwNkNYQmlKRUNVYmctVFZ4bm4wQk5NbnBvMUhLM3U2Z3lZMlFqZFpMOFVRU0gxakVBNnVNbGV0WWtRSTZNRjNlMkJLMkRuOWZjejh0Z0tlenZ6NEFJTXZMSWNwWGdNbmtSOXVmRDlaX0ZKcnF3cG5YOWdfNl9aeDBwbS1wMkx5NkdMRnZXS1JyX1pNMWg?oc=5\" target=\"_blank\" rel=\"nofollow noopener\">Ukraine News &#8211; Selenskij: Russland erw\u00e4gt Angriff auf Nato-Staat von Belarus aus &#8211; Politik &#8211; SZ.de<\/a>&nbsp;&nbsp;SZ.de<a href=\"https:\/\/news.google.com\/rss\/articles\/CBMirAFBVV95cUxQbUFjdi0xN0xIOVZvTHpqa3JYbHdYSURtZW5reWdFZzBoQ3FZRTFsSmlBN21CdHBiY05zaEtjSnh3QWRXYmJIM1hoaldfRm9QajdsZnFDTTRvNEhmU2lVbGx0bFdHUG1TUHpta3hFcnBteWZDNS1ibEJfdnM3Qmw3X2NvRW9sVXpES05LdVU1U2xqRmZ6ZUthVEZQY1dQMmdVTFA3eWZ6V3dRM29K0gGyAUFVX3lxTE9BaGpBdS1RTWQ0akFOS3hocnV4R28ybDFnYTVfbEhkSW00UmRUMTBPR1hiaTUxTXdaaDMwUzdaZndKS29TeFdZYmM2OGZub0p6N3Zqby1FTFdfOHA1bHEyXzl1a0FTR1R0bERpejVFVm1NSXJrSjh4bURyd2VwZTd0dVl1NWF3dGRwYTFqOUY1c01rdEF2TW1mMGVMYzZocE9SXzdGSVJmVzFXV0lQdGxYaHc?oc=5\" target=\"_blank\" rel=\"nofollow noopener\">Lukaschenko k\u00fcndigt \u201epunktuelle\u201c Mobilisierung der Truppen an<\/a>&nbsp;&nbsp;Ukrinform<a href=\"https:\/\/news.google.com\/rss\/articles\/CBMizgFBVV95cUxQLVVsa2FyUnRROHg1Wk0wSFhReEJodGhZbGxaN1loNHV5T09LTFpGRmowYW90MTZUNGtXWEtOOG12aHlEdTlNYjNtVnBtS29VVWNRdDI2MmtKVWxpMFBZNm9DWm9rT1RoQVlEWTMtN285QXFpeVhKaDUyNGN4T0EzZWljLUdtMjBzNm82QlVYd2ZMN25BUkpQOFVBSVA1SUtCVkR6d1pNbHZkQWFEVlVYV09NLV9lVklVVWd4OFpreVBTT3BzM1l6UHdEOGNNdw?oc=5\" target=\"_blank\" rel=\"nofollow noopener\">Selenskyj f\u00fcrchtet neue Front in Belarus<\/a>&nbsp;&nbsp;T-Online<a href=\"https:\/\/news.google.com\/rss\/articles\/CBMioAFBVV95cUxOUEpaZHo5YXZlTVg0NXFOX0lCc09mblpHY2FtSU9kVTRIRW1mNGwxVC1GTmZiUUszRXJ4cThMMnNWUld1aEhPc3hDcHR6NXd4YV9ibTd4dGhNQ1V0X1Zad3BCZ2FOSzl6YUpJeVJqZWhvejhKTUJXXzM4YmhaVTFuVGQ2Z2pnOTNZQ2Y4OUhBREpkc1JUekE2UnBjX2VzZW5J?oc=5\" target=\"_blank\" rel=\"nofollow noopener\">Russland baut riesiges Milit\u00e4rnetz in Belarus auf<\/a>&nbsp;&nbsp;Nau<\/p>\n","protected":false},"excerpt":{"rendered":"Wird Krieg gr\u00f6\u00dfer? &#8211; Selenskyj: Russland erw\u00e4gt Angriff auf NATO-Staat&nbsp;&nbsp;Kronen ZeitungUkraine News &#8211; Selenskij: Russland erw\u00e4gt Angriff auf&hellip;\n","protected":false},"author":2,"featured_media":160935,"comment_status":"","ping_status":"","sticky":false,"template":"","format":"standard","meta":{"footnotes":"","_share_on_mastodon":"0"},"categories":[12],"tags":[26399,39212,2741,40,41,51140,4413,1421,1963,39,13586,7158,66,2737,65,64],"class_list":["post-160934","post","type-post","status-publish","format-standard","has-post-thumbnail","category-welt","tag-alexander-lukaschenko","tag-minsk","tag-moskau","tag-nachrichten","tag-news","tag-rjasan","tag-russische","tag-russischen","tag-russland","tag-schlagzeilen","tag-selenskyj","tag-telegram","tag-welt","tag-wolodymyr-selenskyj","tag-world","tag-world-news"],"share_on_mastodon":{"url":"https:\/\/pubeurope.com\/@at\/116581509583974093","error":""},"_links":{"self":[{"href":"https:\/\/www.europesays.com\/at\/wp-json\/wp\/v2\/posts\/160934","targetHints":{"allow":["GET"]}}],"collection":[{"href":"https:\/\/www.europesays.com\/at\/wp-json\/wp\/v2\/posts"}],"about":[{"href":"https:\/\/www.europesays.com\/at\/wp-json\/wp\/v2\/types\/post"}],"author":[{"embeddable":true,"href":"https:\/\/www.europesays.com\/at\/wp-json\/wp\/v2\/users\/2"}],"replies":[{"embeddable":true,"href":"https:\/\/www.europesays.com\/at\/wp-json\/wp\/v2\/comments?post=160934"}],"version-history":[{"count":0,"href":"https:\/\/www.europesays.com\/at\/wp-json\/wp\/v2\/posts\/160934\/revisions"}],"wp:featuredmedia":[{"embeddable":true,"href":"https:\/\/www.europesays.com\/at\/wp-json\/wp\/v2\/media\/160935"}],"wp:attachment":[{"href":"https:\/\/www.europesays.com\/at\/wp-json\/wp\/v2\/media?parent=160934"}],"wp:term":[{"taxonomy":"category","embeddable":true,"href":"https:\/\/www.europesays.com\/at\/wp-json\/wp\/v2\/categories?post=160934"},{"taxonomy":"post_tag","embeddable":true,"href":"https:\/\/www.europesays.com\/at\/wp-json\/wp\/v2\/tags?post=160934"}],"curies":[{"name":"wp","href":"https:\/\/api.w.org\/{rel}","templated":true}]}}