{"id":162465,"date":"2026-05-16T22:13:12","date_gmt":"2026-05-16T22:13:12","guid":{"rendered":"https:\/\/www.europesays.com\/at\/162465\/"},"modified":"2026-05-16T22:13:12","modified_gmt":"2026-05-16T22:13:12","slug":"oeehv-team-kac-und-capitals-als-warnende-beispiele-vor-ungarn","status":"publish","type":"post","link":"https:\/\/www.europesays.com\/at\/162465\/","title":{"rendered":"\u00d6EHV-Team: KAC und Capitals als warnende Beispiele vor Ungarn"},"content":{"rendered":"<p>Durchatmen, hie\u00df es f\u00fcr \u00d6sterreichs <a href=\"https:\/\/www.laola1.at\/de\/daten\/news\/eishockey\/eishockey\/\" class=\"tag\" rel=\"nofollow noopener\" target=\"_blank\">Eishockey<\/a>-Nationalteam bei der WM in Z\u00fcrich.<\/p>\n<p>Der Auftakt gegen Gro\u00dfbritannien wurde mit einem 5:2-Sieg erfolgreich bestritten, der Klassenerhalt ist damit ein St\u00fcck n\u00e4her ger\u00fcckt.<\/p>\n<p>Teamchef Roger Bader zeigte sich erleichtert: &#8222;Mit einem Sieg in eine WM zu starten, noch dazu gegen einen direkten Konkurrenten im Kampf um den Klassenerhalt, ist sehr wichtig. Vor allem, da dieser Sieg mit einer guten Leistung zustandegekommen ist.&#8220;<\/p>\n<p>&#8222;Dann schie\u00dfen sie pl\u00f6tzlich zwei Tore&#8220;<\/p>\n<p>Von Nervosit\u00e4t war zu Beginn \u00fcberhaupt keine Spur, die \u00d6EHV-Equipe legte wie die Feuerwehr los und f\u00fchrte rasch mit 3:0.<\/p>\n<p>&#8222;Dann schie\u00dfen sie pl\u00f6tzlich zwei Tore&#8220;, war auch Bader verbl\u00fcfft. &#8222;Die Briten haben Spieler, die aus dem Nichts Tore erzielen k\u00f6nnen. Wir wussten, wir d\u00fcrfen ihnen nichts geben, sonst sind sie wieder da.&#8220;<\/p>\n<p>&#8222;In jeder Beziehung eine gute Leistung&#8220;<\/p>\n<p>Genau das ist aber passiert, und es dauerte, bis \u00d6sterreich sich wieder erfangen konnte. Mit dem 4:2 von Kapit\u00e4n Peter Schneider kippte das Momentum wieder auf \u00d6EHV-Seite, danach wurde der Sieg trocken heruntergespielt.<\/p>\n<p>&#8222;50 von 60 Minuten haben wir es gut gemacht&#8220;, meinte Bader und erl\u00e4uterte: &#8222;Wir haben gewusst, wenn wir die Scheibe tief legen und sie damit in Laufduelle bekommen, dann werden sie Probleme bekommen, weil wir eindeutig die schnellere Mannschaft sind.&#8220;<\/p>\n<p>Der Teamchef attestierte seiner Auswahl daher &#8222;in jeder Beziehung eine gute Leistung &#8211; spielerisch, l\u00e4uferisch, k\u00e4mpferisch.&#8220; Es sei ein verdienter Sieg gewesen.<\/p>\n<p>Bader warnt vor Geringsch\u00e4tzung<\/p>\n<p>Schon am Sonntag kann der Verbleib in der Top-Division im Duell mit Ungarn (16:20 Uhr im <a target=\"_blank\" rel=\"noopener noreferrer nofollow\" href=\"https:\/\/www.laola1.at\/de\/sportdaten\/matchcenter\/Eishockey\/International\/Weltmeisterschaft\/match\/63080245\/liveticker\">LIVE-Ticker &gt;&gt;&gt;<\/a>) praktisch unter Dach und Fach gebracht werden.<\/p>\n<p>Damit w\u00fcrde sich Rot-Wei\u00df-Rot f\u00fcr das weitere Turnier in eine komfortable Lage bringen. Ungarn darf jedoch nicht auf die leichte Schulter genommen werden.<\/p>\n<p>Bader warnte vor einer Geringsch\u00e4tzung: &#8222;Wir wissen, dass sie unangenehm sind &#8211; Klagenfurt und Wien haben die Erfahrung in der Meisterschaft gemacht. Wir m\u00fcssen mindestens so gut spielen wie heute, wenn wir sie schlagen wollen.&#8220;<\/p>\n","protected":false},"excerpt":{"rendered":"Durchatmen, hie\u00df es f\u00fcr \u00d6sterreichs Eishockey-Nationalteam bei der WM in Z\u00fcrich. Der Auftakt gegen Gro\u00dfbritannien wurde mit einem&hellip;\n","protected":false},"author":2,"featured_media":162466,"comment_status":"","ping_status":"","sticky":false,"template":"","format":"standard","meta":{"footnotes":"","_share_on_mastodon":"0"},"categories":[8],"tags":[300,35024,38791,7902,7904,40,41,28053,32086,39,38,117],"class_list":["post-162465","post","type-post","status-publish","format-standard","has-post-thumbnail","category-nachrichten","tag-eishockey","tag-eishockey-wm","tag-eishockey-wm-2026","tag-laola1","tag-maximilian-girschele","tag-nachrichten","tag-news","tag-oeehv-nationalteam","tag-roger-bader","tag-schlagzeilen","tag-top-meldungen","tag-wintersport"],"share_on_mastodon":{"url":"https:\/\/pubeurope.com\/@at\/116586558813384671","error":""},"_links":{"self":[{"href":"https:\/\/www.europesays.com\/at\/wp-json\/wp\/v2\/posts\/162465","targetHints":{"allow":["GET"]}}],"collection":[{"href":"https:\/\/www.europesays.com\/at\/wp-json\/wp\/v2\/posts"}],"about":[{"href":"https:\/\/www.europesays.com\/at\/wp-json\/wp\/v2\/types\/post"}],"author":[{"embeddable":true,"href":"https:\/\/www.europesays.com\/at\/wp-json\/wp\/v2\/users\/2"}],"replies":[{"embeddable":true,"href":"https:\/\/www.europesays.com\/at\/wp-json\/wp\/v2\/comments?post=162465"}],"version-history":[{"count":0,"href":"https:\/\/www.europesays.com\/at\/wp-json\/wp\/v2\/posts\/162465\/revisions"}],"wp:featuredmedia":[{"embeddable":true,"href":"https:\/\/www.europesays.com\/at\/wp-json\/wp\/v2\/media\/162466"}],"wp:attachment":[{"href":"https:\/\/www.europesays.com\/at\/wp-json\/wp\/v2\/media?parent=162465"}],"wp:term":[{"taxonomy":"category","embeddable":true,"href":"https:\/\/www.europesays.com\/at\/wp-json\/wp\/v2\/categories?post=162465"},{"taxonomy":"post_tag","embeddable":true,"href":"https:\/\/www.europesays.com\/at\/wp-json\/wp\/v2\/tags?post=162465"}],"curies":[{"name":"wp","href":"https:\/\/api.w.org\/{rel}","templated":true}]}}