{"id":166354,"date":"2026-05-19T02:10:21","date_gmt":"2026-05-19T02:10:21","guid":{"rendered":"https:\/\/www.europesays.com\/at\/166354\/"},"modified":"2026-05-19T02:10:21","modified_gmt":"2026-05-19T02:10:21","slug":"70-esc-in-wien-buehne-begeistert-moderation-polarisiert","status":"publish","type":"post","link":"https:\/\/www.europesays.com\/at\/166354\/","title":{"rendered":"70. ESC in Wien: B\u00fchne begeistert, Moderation polarisiert"},"content":{"rendered":"<p>Schon ESC-Direktor Martin Green hatte kurz vor dem Finale Wien als Ausrichterstadt in den h\u00f6chsten T\u00f6nen gelobt. \u201cEs ist Weltklasse, wie die Stadt, die Tourismusverantwortlichen, die Hotels, Gesch\u00e4fte, Museen und weitere Institutionen sowie nat\u00fcrlich die Menschen f\u00fcr dieses Event zusammengefunden haben. Darauf k\u00f6nnt ihr stolz sein!\u201d, sagte er im APA-Interview. Auch mehrere deutsche Medien sahen das Event im Nachgang gelungen: \u201cDer ORF trumpfte dem Geburtstag entsprechend auf\u201d, schrieb die \u201cS\u00fcddeutsche Zeitung\u201d. Der \u201cGeneral-Anzeiger Bonn\u201d meinte, dass Wien \u201cein w\u00fcrdiger Gastgeber der ESC-Jubil\u00e4umsausgabe mit einer minuti\u00f6s durchchoreografierten Show auf einer hochmodernen B\u00fchne, die inszenatorisch keine W\u00fcnsche offenlie\u00df\u201d, gewesen sei.<\/p>\n","protected":false},"excerpt":{"rendered":"Schon ESC-Direktor Martin Green hatte kurz vor dem Finale Wien als Ausrichterstadt in den h\u00f6chsten T\u00f6nen gelobt. \u201cEs&hellip;\n","protected":false},"author":2,"featured_media":166355,"comment_status":"","ping_status":"","sticky":false,"template":"","format":"standard","meta":{"footnotes":"","_share_on_mastodon":"0"},"categories":[28],"tags":[46,42,1141,1132,1572,6745,996,44,52295,181,182],"class_list":["post-166354","post","type-post","status-publish","format-standard","has-post-thumbnail","category-wien","tag-at","tag-austria","tag-fernsehen","tag-kultur","tag-medien","tag-online-medien","tag-orf","tag-oesterreich","tag-pressestimmen","tag-vienna","tag-wien"],"share_on_mastodon":{"url":"https:\/\/pubeurope.com\/@at\/116598815005776953","error":""},"_links":{"self":[{"href":"https:\/\/www.europesays.com\/at\/wp-json\/wp\/v2\/posts\/166354","targetHints":{"allow":["GET"]}}],"collection":[{"href":"https:\/\/www.europesays.com\/at\/wp-json\/wp\/v2\/posts"}],"about":[{"href":"https:\/\/www.europesays.com\/at\/wp-json\/wp\/v2\/types\/post"}],"author":[{"embeddable":true,"href":"https:\/\/www.europesays.com\/at\/wp-json\/wp\/v2\/users\/2"}],"replies":[{"embeddable":true,"href":"https:\/\/www.europesays.com\/at\/wp-json\/wp\/v2\/comments?post=166354"}],"version-history":[{"count":0,"href":"https:\/\/www.europesays.com\/at\/wp-json\/wp\/v2\/posts\/166354\/revisions"}],"wp:featuredmedia":[{"embeddable":true,"href":"https:\/\/www.europesays.com\/at\/wp-json\/wp\/v2\/media\/166355"}],"wp:attachment":[{"href":"https:\/\/www.europesays.com\/at\/wp-json\/wp\/v2\/media?parent=166354"}],"wp:term":[{"taxonomy":"category","embeddable":true,"href":"https:\/\/www.europesays.com\/at\/wp-json\/wp\/v2\/categories?post=166354"},{"taxonomy":"post_tag","embeddable":true,"href":"https:\/\/www.europesays.com\/at\/wp-json\/wp\/v2\/tags?post=166354"}],"curies":[{"name":"wp","href":"https:\/\/api.w.org\/{rel}","templated":true}]}}