{"id":167339,"date":"2026-05-19T13:39:10","date_gmt":"2026-05-19T13:39:10","guid":{"rendered":"https:\/\/www.europesays.com\/at\/167339\/"},"modified":"2026-05-19T13:39:10","modified_gmt":"2026-05-19T13:39:10","slug":"gewerkschaft-gpa-muellauer-begruesst-paketsteuer-zur-staerkung-des-stationaeren-handels","status":"publish","type":"post","link":"https:\/\/www.europesays.com\/at\/167339\/","title":{"rendered":"Gewerkschaft GPA-M\u00fcllauer begr\u00fc\u00dft Paketsteuer zur St\u00e4rkung des station\u00e4ren Handels"},"content":{"rendered":"<p>Wien (OTS) &#8211;\u00a0<\/p>\n<p>\u201eDie Paketabgabe ist ein sinnvolles Instrument, um den station\u00e4ren Handel mit zigtausenden Besch\u00e4ftigten und Wertsch\u00f6pfung in \u00d6sterreich zu unterst\u00fctzen. Angesichts der unfairen Wettbewerbsbedingungen f\u00fcr Online-Riesen und den Umweltkosten des Paketversands sind zwei Euro Paketsteuer angemessen\u201c, sagt Martin M\u00fcllauer, Vorsitzender des Wirtschaftsbereichs Handel in der Gewerkschaft GPA. ++++<\/p>\n<p>\u201eSelbstverst\u00e4ndlich w\u00e4re eine Besteuerung ausschlie\u00dflich f\u00fcr Drittstaatspakete von Temu oder Shein w\u00fcnschenswert gewesen. Wenn europ\u00e4ische Regeln das nicht zulassen, dann ist die Einf\u00fchrung in Form des vorliegenden Vorschlags die richtige Vorgangsweise. Ziel muss sein, Arbeitspl\u00e4tze in \u00d6sterreich zu sichern\u201c, so der Gewerkschafter.<\/p>\n<p>M\u00fcllauer erg\u00e4nzt: \u201eDie Paketsteuer dient zur Gegenfinanzierung der Mehrwertsteuersenkung auf Lebensmittel. Diese ist angesichts der nach wie vor hohen Inflationsraten eine wichtige Ma\u00dfnahme.\u201c<\/p>\n<p _ngcontent-ng-c403161360=\"\"> OTS-ORIGINALTEXT PRESSEAUSSENDUNG UNTER AUSSCHLIESSLICHER<br \/>\nINHALTLICHER VERANTWORTUNG DES AUSSENDERS &#8211; WWW.OTS.AT | NGB<\/p>\n","protected":false},"excerpt":{"rendered":"Wien (OTS) &#8211;\u00a0 \u201eDie Paketabgabe ist ein sinnvolles Instrument, um den station\u00e4ren Handel mit zigtausenden Besch\u00e4ftigten und Wertsch\u00f6pfung&hellip;\n","protected":false},"author":2,"featured_media":167340,"comment_status":"","ping_status":"","sticky":false,"template":"","format":"standard","meta":{"footnotes":"","_share_on_mastodon":"0"},"categories":[6],"tags":[26393,26395,1870,46,42,5770,38896,2494,44,26394,52510,43,45,2330],"class_list":["post-167339","post","type-post","status-publish","format-standard","has-post-thumbnail","category-oesterreich","tag-apa","tag-apa-ots","tag-arbeitsmarkt","tag-at","tag-austria","tag-gewerkschaften","tag-gpa","tag-handel","tag-oesterreich","tag-ots","tag-paketsteuer","tag-republic-of-austria","tag-republik-oesterreich","tag-steuern"],"share_on_mastodon":{"url":"https:\/\/pubeurope.com\/@at\/116601524444595335","error":""},"_links":{"self":[{"href":"https:\/\/www.europesays.com\/at\/wp-json\/wp\/v2\/posts\/167339","targetHints":{"allow":["GET"]}}],"collection":[{"href":"https:\/\/www.europesays.com\/at\/wp-json\/wp\/v2\/posts"}],"about":[{"href":"https:\/\/www.europesays.com\/at\/wp-json\/wp\/v2\/types\/post"}],"author":[{"embeddable":true,"href":"https:\/\/www.europesays.com\/at\/wp-json\/wp\/v2\/users\/2"}],"replies":[{"embeddable":true,"href":"https:\/\/www.europesays.com\/at\/wp-json\/wp\/v2\/comments?post=167339"}],"version-history":[{"count":0,"href":"https:\/\/www.europesays.com\/at\/wp-json\/wp\/v2\/posts\/167339\/revisions"}],"wp:featuredmedia":[{"embeddable":true,"href":"https:\/\/www.europesays.com\/at\/wp-json\/wp\/v2\/media\/167340"}],"wp:attachment":[{"href":"https:\/\/www.europesays.com\/at\/wp-json\/wp\/v2\/media?parent=167339"}],"wp:term":[{"taxonomy":"category","embeddable":true,"href":"https:\/\/www.europesays.com\/at\/wp-json\/wp\/v2\/categories?post=167339"},{"taxonomy":"post_tag","embeddable":true,"href":"https:\/\/www.europesays.com\/at\/wp-json\/wp\/v2\/tags?post=167339"}],"curies":[{"name":"wp","href":"https:\/\/api.w.org\/{rel}","templated":true}]}}