{"id":168314,"date":"2026-05-20T01:25:12","date_gmt":"2026-05-20T01:25:12","guid":{"rendered":"https:\/\/www.europesays.com\/at\/168314\/"},"modified":"2026-05-20T01:25:12","modified_gmt":"2026-05-20T01:25:12","slug":"tuerkei-schuetze-toetet-mindestens-sechs-menschen-in-tarsus","status":"publish","type":"post","link":"https:\/\/www.europesays.com\/at\/168314\/","title":{"rendered":"T\u00fcrkei: Sch\u00fctze t\u00f6tet mindestens sechs Menschen in Tarsus"},"content":{"rendered":"<p class=\"is-first-paragraph\" data-external=\"Article.FirstParagraph\">Ein mit einem Gewehr bewaffneter Mann hat am Montag in Tarsus im S\u00fcden der T\u00fcrkei mehrere Angriffe ver\u00fcbt. Dabei seien mindestens sechs Menschen get\u00f6tet und acht weitere verletzt worden, sagte der t\u00fcrkische Pr\u00e4sident Recep Tayyip Erdogan. Die Polizei suchte mit Unterst\u00fctzung von Hubschraubern und Drohnen nach dem T\u00e4ter, der nach den Sch\u00fcssen weiterhin auf der Flucht war.<\/p>\n<p>Die staatliche Nachrichtenagentur Anadolu berichtete, der 37-j\u00e4hrige Verd\u00e4chtige habe zun\u00e4chst seine Ehefrau auf einer Stra\u00dfe erschossen und anschlie\u00dfend aus seinem Auto heraus auf ein Restaurant geschossen. Dabei seien der Besitzer und ein Mitarbeiter get\u00f6tet worden. Sp\u00e4ter soll er laut der Agentur in einem anderen Viertel von Tarsus einen Jugendlichen, einen 50-j\u00e4hrigen Mann sowie eine weitere Person get\u00f6tet haben.<\/p>\n<p>Erdogan sprach nach einer Kabinettssitzung den Angeh\u00f6rigen der Opfer sein Beileid aus, machte jedoch keine Angaben zum T\u00e4ter oder dessen Motiv.<\/p>\n<p>Die T\u00fcrkei wurde zuletzt von einer Reihe von Schusswaffenangriffen ersch\u00fcttert, die Sorgen \u00fcber Waffengewalt und die Sicherheit an Schulen ausgel\u00f6st haben. Im April kamen bei einem Angriff auf eine Schule in der s\u00fcdlichen Provinz Kahramanmaras zehn Menschen ums Leben. Bei einem weiteren Schusswaffenangriff an einer Schule nur einen Tag zuvor wurden in einer benachbarten Provinz 16 Menschen verletzt.<\/p>\n","protected":false},"excerpt":{"rendered":"Ein mit einem Gewehr bewaffneter Mann hat am Montag in Tarsus im S\u00fcden der T\u00fcrkei mehrere Angriffe ver\u00fcbt.&hellip;\n","protected":false},"author":2,"featured_media":168315,"comment_status":"","ping_status":"","sticky":false,"template":"","format":"standard","meta":{"footnotes":"","_share_on_mastodon":"0"},"categories":[12],"tags":[22627,40,41,2256,52738,39,40049,210,8451,66,65,64],"class_list":["post-168314","post","type-post","status-publish","format-standard","has-post-thumbnail","category-welt","tag-erdogan","tag-nachrichten","tag-news","tag-newsteam","tag-recep-tayyip","tag-schlagzeilen","tag-schusswaffen-ks","tag-texttospeech","tag-tuerkei","tag-welt","tag-world","tag-world-news"],"share_on_mastodon":{"url":"https:\/\/pubeurope.com\/@at\/116604300321159685","error":""},"_links":{"self":[{"href":"https:\/\/www.europesays.com\/at\/wp-json\/wp\/v2\/posts\/168314","targetHints":{"allow":["GET"]}}],"collection":[{"href":"https:\/\/www.europesays.com\/at\/wp-json\/wp\/v2\/posts"}],"about":[{"href":"https:\/\/www.europesays.com\/at\/wp-json\/wp\/v2\/types\/post"}],"author":[{"embeddable":true,"href":"https:\/\/www.europesays.com\/at\/wp-json\/wp\/v2\/users\/2"}],"replies":[{"embeddable":true,"href":"https:\/\/www.europesays.com\/at\/wp-json\/wp\/v2\/comments?post=168314"}],"version-history":[{"count":0,"href":"https:\/\/www.europesays.com\/at\/wp-json\/wp\/v2\/posts\/168314\/revisions"}],"wp:featuredmedia":[{"embeddable":true,"href":"https:\/\/www.europesays.com\/at\/wp-json\/wp\/v2\/media\/168315"}],"wp:attachment":[{"href":"https:\/\/www.europesays.com\/at\/wp-json\/wp\/v2\/media?parent=168314"}],"wp:term":[{"taxonomy":"category","embeddable":true,"href":"https:\/\/www.europesays.com\/at\/wp-json\/wp\/v2\/categories?post=168314"},{"taxonomy":"post_tag","embeddable":true,"href":"https:\/\/www.europesays.com\/at\/wp-json\/wp\/v2\/tags?post=168314"}],"curies":[{"name":"wp","href":"https:\/\/api.w.org\/{rel}","templated":true}]}}