{"id":171302,"date":"2026-05-21T13:23:16","date_gmt":"2026-05-21T13:23:16","guid":{"rendered":"https:\/\/www.europesays.com\/at\/171302\/"},"modified":"2026-05-21T13:23:16","modified_gmt":"2026-05-21T13:23:16","slug":"premiere-bei-tour-of-austria-letzte-etappe-in-langenlois","status":"publish","type":"post","link":"https:\/\/www.europesays.com\/at\/171302\/","title":{"rendered":"Premiere bei \u201eTour of Austria\u201c: Letzte Etappe in Langenlois"},"content":{"rendered":"<p>Von 7. bis 12. Juli 2026 findet die 75. Jubil\u00e4umsauflage der Tour of Austria, vormals \u00d6sterreich Rundfahrt, statt. Im Zuge einer Pressekonferenz am heutigen Donnerstag im Langenloiser Rathaus informierte LH-Stv. und Sportlandesrat Udo Landbauer gemeinsam mit B\u00fcrgermeister Harald Leopold, Wolfgang Schwarz, Gesch\u00e4ftsf\u00fchrer Ursin Haus Vinothek &amp; Tourismusservice GmbH, J\u00fcrgen Brettschneider, LRV-Pr\u00e4sident Nieder\u00f6sterreich, Tour-Direktor Thomas Pupp, Radprofi Alexander Hajek und Ex-Radprofi Gerhard Zadrobilek dar\u00fcber, dass Langenlois erstmals Etappenort der Tour ist: \u201eIch freue mich unheimlich, dass es gelungen ist, eine der f\u00fcnf Etappen der Tour of Austria nach Nieder\u00f6sterreich zu holen \u2013 mit der Premiere in Langenlois\u201c, sagte LH-Stv. und Sportlandesrat Udo Landbauer und: \u201eWir definieren unser Sportland Nieder\u00f6sterreich als Radland, weil Nieder\u00f6sterreich pr\u00e4destiniert ist, um hier Rad zu fahren. Und man sieht auch an den Zahlen, dass der Radsport immer beliebter und attraktiver wird.\u201c<\/p>\n<p>Die Tour of Austria leiste einen wichtigen Beitrag zur Attraktivierung: \u201eIch bin den Teams dankbar, dass die Tradition hier in Langenlois fortgef\u00fchrt werden kann\u201c, so Landbauer. \u201eAls Sportland versuchen wir nach Kr\u00e4ften, den Radsport zu unterst\u00fctzen. Das tun wir vor allem mit Veranstaltungen in den Regionen wie dem Wachau Radmarathon, der Womens Tour oder der Kids Bike Trophy, mit der wir versuchen, die j\u00fcngsten f\u00fcr den Radsport zu begeistern.\u201c<\/p>\n<p>B\u00fcrgermeister Harald Leopold betonte, dass es \u201ebesonders ist, dass bei uns in Langenlois die letzte Etappe gestartet wird. Die Stadt wird \u00fcber die Grenzen hinaus bekannt und das ist f\u00fcr uns auch touristisch sehr von Bedeutung. Daher unterst\u00fctzen wir die Tour of Austria gerne. Langenlois ist eine historische Stadt und deshalb sind wir stolz, dass diese historische Fahrt hier in Langenlois starten darf.\u201c<\/p>\n<p>Wolfgang Schwarz, Gesch\u00e4ftsf\u00fchrer Ursin Haus Vinothek &amp; Tourismusservice GmbH, erl\u00e4uterte: \u201eDie letzte Etappe der Tour of Austria findet in einer der sch\u00f6nsten Regionen Nieder\u00f6sterreichs statt \u2013 dem Kamptal. Langenlois ist nicht nur ein guter Boden f\u00fcr Wein und Kultur, sondern auch f\u00fcr Sport. Was den Freizeitsport betrifft, bietet Langenlois die idealen Voraussetzungen, auch das Mountainbiken ist freizeittouristisch mittlerweile ein gro\u00dfes Thema.\u201c<\/p>\n<p>J\u00fcrgen Brettschneider, LRV-Pr\u00e4sident Nieder\u00f6sterreich, sagte: \u201eDie Tour of Austria ist ganz klar ein Flaggschiff, eine Leuchtturmveranstaltung, die wir brauchen, um junge Talente zu entwickeln. In Langenlois schlie\u00dft sich der Kreis, weil viele, die in Langenlois bereits das Mountainbike-Rennen \u2013 die Kamptal Klassik \u2013 gefahren sind, heuer auch bei der Tour mitfahren.\u201c<\/p>\n<p>Ex-Radprofi Gerhard Zadrobilek war 1981 mit 19 Jahren der j\u00fcngste Sieger der \u00d6sterreich-Radrundfahrt: \u201eDamals war die Rundfahrt eine reine Amateurrundfahrt und v\u00f6llig entkoppelt vom Profiradsport. Damals herrschte eine riesige Kluft zwischen Amateuren und Profis. Heute hat sich das Gott sei Dank mehr vermischt, junge Fahrer haben dadurch auch mehr Kontakt mit Profis und der Umstieg in den Profisport funktioniert \u00fcbergangsloser.\u201c<\/p>\n<p>Radprofi Alexander Hajek wird bei der Tour of Austria f\u00fcr das Nationalteam an den Start gehen: \u201eEs ist schon sehr besonders, mit den Nationalteam-Farben am Start zu stehen. Pers\u00f6nliches Ziel f\u00fcr mich ist, dass wir uns als Nationalteam gut pr\u00e4sentieren und wir werden von Etappe zu Etappe sehen, was dabei rauskommt.\u201c<\/p>\n<p>Tour-Direktor Thomas Pupp erl\u00e4uterte die Details zur Rundfahrt: \u201eDie Tour of Austria umfasst f\u00fcnf Etappen und ist ein Format, mit dem wir versuchen, \u00d6sterreich in seiner ganzen Breite und Sch\u00f6nheit abzubilden. Wir wollten bei der Tour auch neue Regionen miteinbinden und deshalb ist Langenlois erstmals mit dabei. 22 Teams sind am Start mit je sechs Fahrern.\u201c<\/p>\n<p>N\u00e4here Informationen: Sportland Nieder\u00f6sterreich, Patrick Pfaller, MA, Telefon 02742\/9000-19876, E-Mail <a href=\"https:\/\/www.ots.at\/cdn-cgi\/l\/email-protection\" class=\"__cf_email__\" data-cfemail=\"9dedfce9eff4fef6b3edfbfcf1f1f8efddf3f2f8b3fef2b3fce9\" rel=\"nofollow noopener\" target=\"_blank\">[email\u00a0protected]<\/a><\/p>\n","protected":false},"excerpt":{"rendered":"Von 7. bis 12. Juli 2026 findet die 75. Jubil\u00e4umsauflage der Tour of Austria, vormals \u00d6sterreich Rundfahrt, statt.&hellip;\n","protected":false},"author":2,"featured_media":171082,"comment_status":"","ping_status":"","sticky":false,"template":"","format":"standard","meta":{"footnotes":"","_share_on_mastodon":"0"},"categories":[18],"tags":[26393,26395,46,42,3477,53333,622,44,26394,109,108,11275],"class_list":["post-171302","post","type-post","status-publish","format-standard","has-post-thumbnail","category-sport","tag-apa","tag-apa-ots","tag-at","tag-austria","tag-jubilaeum","tag-landbauer","tag-niederoesterreich","tag-oesterreich","tag-ots","tag-sport","tag-sports","tag-veranstaltung"],"share_on_mastodon":{"url":"https:\/\/pubeurope.com\/@at\/116612786310531951","error":""},"_links":{"self":[{"href":"https:\/\/www.europesays.com\/at\/wp-json\/wp\/v2\/posts\/171302","targetHints":{"allow":["GET"]}}],"collection":[{"href":"https:\/\/www.europesays.com\/at\/wp-json\/wp\/v2\/posts"}],"about":[{"href":"https:\/\/www.europesays.com\/at\/wp-json\/wp\/v2\/types\/post"}],"author":[{"embeddable":true,"href":"https:\/\/www.europesays.com\/at\/wp-json\/wp\/v2\/users\/2"}],"replies":[{"embeddable":true,"href":"https:\/\/www.europesays.com\/at\/wp-json\/wp\/v2\/comments?post=171302"}],"version-history":[{"count":0,"href":"https:\/\/www.europesays.com\/at\/wp-json\/wp\/v2\/posts\/171302\/revisions"}],"wp:featuredmedia":[{"embeddable":true,"href":"https:\/\/www.europesays.com\/at\/wp-json\/wp\/v2\/media\/171082"}],"wp:attachment":[{"href":"https:\/\/www.europesays.com\/at\/wp-json\/wp\/v2\/media?parent=171302"}],"wp:term":[{"taxonomy":"category","embeddable":true,"href":"https:\/\/www.europesays.com\/at\/wp-json\/wp\/v2\/categories?post=171302"},{"taxonomy":"post_tag","embeddable":true,"href":"https:\/\/www.europesays.com\/at\/wp-json\/wp\/v2\/tags?post=171302"}],"curies":[{"name":"wp","href":"https:\/\/api.w.org\/{rel}","templated":true}]}}