{"id":171780,"date":"2026-05-21T18:12:13","date_gmt":"2026-05-21T18:12:13","guid":{"rendered":"https:\/\/www.europesays.com\/at\/171780\/"},"modified":"2026-05-21T18:12:13","modified_gmt":"2026-05-21T18:12:13","slug":"ukraine-krieg-drohne-verletzt-nato-luftraum-kampfjets-steigen-auf","status":"publish","type":"post","link":"https:\/\/www.europesays.com\/at\/171780\/","title":{"rendered":"Ukraine-Krieg: Drohne verletzt Nato-Luftraum \u2013 Kampfjets steigen auf"},"content":{"rendered":"<p>Ukraine trifft FSB-Zentrale \u2013 100 Tote und Verletzte<\/p>\n<p class=\"text-18 leading-17 user-text-lg:text-22 user-text-xl:text-24\">Die Ukraine meldet einen Angriff auf ein Hauptquartier des russischen Inlandsgeheimdienstes FSB im besetzten Teil der Region Cherson. Nach Angaben von Pr\u00e4sident Wolodymyr Selenskyj traf eine Spezialeinheit des ukrainischen Geheimdienstes SBU das Geb\u00e4ude. Dabei seien rund 100 russische Soldaten get\u00f6tet oder verletzt worden.<\/p>\n<p class=\"text-18 leading-17 user-text-lg:text-22 user-text-xl:text-24\">Selenskyj zufolge wurde bei dem Angriff auch ein Flugabwehrsystem vom Typ Pantsir-S1 zerst\u00f6rt. Der Wert des Systems liege bei bis zu 20 Millionen Dollar. Wann genau die Operation stattfand, sagte der ukrainische Pr\u00e4sident nicht. Unabh\u00e4ngig \u00fcberpr\u00fcfen lassen sich die Angaben derzeit nicht.<\/p>\n<p>Im Video | Selenskyj zeigt Angriff auf FSB-Zentrale<\/p>\n<p><img loading=\"lazy\" src=\"https:\/\/www.t-online.de\/s\/paper\/_next\/static\/media\/loading-indicator-magenta.1f35d8de.svg\" alt=\"Video l\u00e4dt\" title=\"Video l\u00e4dt\" class=\"block h-[calc(var(--height)_\/_16_*_1rem)] w-[calc(var(--width)_\/_16_*_1rem)] max-w-none undefined\" style=\"--width:32;--height:32\" decoding=\"async\"\/>Player wird geladenQuelle: Social Media<\/p>\n<p class=\"text-18 leading-17 user-text-lg:text-22 user-text-xl:text-24\">Cherson bleibt einer der wichtigsten Kriegsschaupl\u00e4tze im S\u00fcden der Ukraine. Die Stadt Cherson wurde im November 2022 von ukrainischen Truppen zur\u00fcckerobert, Gebiete \u00f6stlich des Dnipro stehen aber weiter unter russischer Besatzung. Die Ukraine greift dort regelm\u00e4\u00dfig russische Milit\u00e4rziele an, um Nachschubwege und Infrastruktur der Besatzer zu schw\u00e4chen.<\/p>\n<p>Kreml: Russland zu Dialog mit Europ\u00e4ern bereit<\/p>\n<p class=\"text-18 leading-17 user-text-lg:text-22 user-text-xl:text-24\">Russland ist in seinem Angriffskrieg gegen die Ukraine nach Kreml-Angaben offen f\u00fcr einen Dialog auch mit den Europ\u00e4ern. &#8222;Die Russen sind zu Gespr\u00e4chen bereit&#8220;, sagte Kremlsprecher Dmitri Peskow. &#8222;Wir sind der Meinung, dass es immer besser ist, miteinander zu reden, als die Lage in eine totale Konfrontation zu treiben \u2013 und genau das ist es, was die Europ\u00e4er derzeit tun&#8220;, sagte er. Russland begr\u00fc\u00dfe es, wenn sich die Tonlage jetzt \u00e4ndere.<\/p>\n<p><a href=\"#focus-1\" class=\"transition-colors duration-200 block text-current relative\" data-sctrack=\"FocusGalleryImage.Reference\"><img   loading=\"lazy\" src=\"https:\/\/www.europesays.com\/at\/wp-content\/uploads\/2026\/05\/russland-vermeidet-eine-genaue-festlegung-zu-einer-moeglichen-teilwaffenruhe-archivbild.jpg\" alt=\"Dmitri Peskow\" title=\"Dmitri Peskow\" width=\"1685\" height=\"948\" class=\"h-full w-full max-w-full rounded-8\" decoding=\"async\"\/><img loading=\"lazy\" src=\"https:\/\/www.t-online.de\/s\/paper\/_next\/static\/media\/zoom-in.f7dae02f.svg\" alt=\"Vergr\u00f6\u00dfern des Bildes\" title=\"Vergr\u00f6\u00dfern des Bildes\" class=\"block h-[calc(var(--height)_\/_16_*_1rem)] w-[calc(var(--width)_\/_16_*_1rem)] max-w-none absolute bottom-8 right-8 rounded-4 bg-snow p-8\" style=\"--width:32;--height:32\" decoding=\"async\"\/>Kremlsprecher Dmitri Peskow: &#8222;Wir sind der Meinung, dass es immer besser ist, miteinander zu reden&#8220;. (Archivbild) (Quelle: Vyacheslav Prokofyev\/Pool Sputnik Kremlin\/dpa\/dpa-bilder)<\/a><\/p>\n<p class=\"text-18 leading-17 user-text-lg:text-22 user-text-xl:text-24\">Peskow hob hervor, es habe zuletzt vom finnischen Pr\u00e4sidenten Alexander Stubb und auch aus <a class=\"transition-colors duration-200 cursor-pointer text-inherit no-underline text-salemsfur md:hover:text-magenta md:hover:border-magenta md:focus:text-magenta border-current border-b border-solid break-words\" data-tracking=\"{&quot;action&quot;:&quot;click&quot;,&quot;category&quot;:&quot;intextLink&quot;,&quot;label&quot;:&quot;https:\/\/berlin.t-online.de\/region\/berlin\/&quot;}\" href=\"https:\/\/berlin.t-online.de\/region\/berlin\/\" data-sctrack=\"BodyAnchor\" rel=\"nofollow noopener\" target=\"_blank\">Berlin<\/a> \u00c4u\u00dferungen zu direkten Gespr\u00e4chen mit Russland gegeben. Es sei &#8222;wahrscheinlich nicht schlecht&#8220;, wenn jetzt ein Unterh\u00e4ndler auf EU-Ebene gesucht werde. &#8222;Noch vor wenigen Monaten sind in Europa noch nicht einmal solche Diskussionen gef\u00fchrt worden.&#8220;<\/p>\n<p class=\"text-18 leading-17 user-text-lg:text-22 user-text-xl:text-24\">Kremlchef Putin hatte zwar stets betont, dass er zu Gespr\u00e4chen bereit sei, wenn jemand auf ihn zukomme. Zugleich gab es aus Moskau wiederholt Stellungnahmen, nach denen die Europ\u00e4er wegen der Waffenlieferungen an die Ukraine als Kriegspartei zu sehen seien und nichts am Verhandlungstisch zu suchen h\u00e4tten. Die Verhandlungen f\u00fcr eine Beendigung des russischen Angriffskriegs liefen zuletzt unter Vermittlung der <a class=\"transition-colors duration-200 cursor-pointer text-inherit no-underline text-salemsfur md:hover:text-magenta md:hover:border-magenta md:focus:text-magenta border-current border-b border-solid break-words\" data-tracking=\"{&quot;action&quot;:&quot;click&quot;,&quot;category&quot;:&quot;intextLink&quot;,&quot;label&quot;:&quot;\/themen\/usa\/&quot;}\" href=\"https:\/\/www.t-online.de\/themen\/usa\/\" data-sctrack=\"BodyAnchor\" rel=\"nofollow noopener\" target=\"_blank\">USA<\/a>. Ein Durchbruch in den Gespr\u00e4chen zwischen <a class=\"transition-colors duration-200 cursor-pointer text-inherit no-underline text-salemsfur md:hover:text-magenta md:hover:border-magenta md:focus:text-magenta border-current border-b border-solid break-words\" data-tracking=\"{&quot;action&quot;:&quot;click&quot;,&quot;category&quot;:&quot;intextLink&quot;,&quot;label&quot;:&quot;\/themen\/kiew\/&quot;}\" href=\"https:\/\/www.t-online.de\/themen\/kiew\/\" data-sctrack=\"BodyAnchor\" rel=\"nofollow noopener\" target=\"_blank\">Kiew<\/a> und Moskau ist bisher aber ausgeblieben. Grund ist vor allem, dass Russland an seiner Forderung festh\u00e4lt, die Ukraine solle ihre Truppen aus dem Gebiet Donbass abziehen.<\/p>\n<p>Loading&#8230;<\/p>\n<p>Loading&#8230;<\/p>\n<p>Loading&#8230;<\/p>\n","protected":false},"excerpt":{"rendered":"Ukraine trifft FSB-Zentrale \u2013 100 Tote und Verletzte Die Ukraine meldet einen Angriff auf ein Hauptquartier des russischen&hellip;\n","protected":false},"author":2,"featured_media":171781,"comment_status":"","ping_status":"","sticky":false,"template":"","format":"standard","meta":{"footnotes":"","_share_on_mastodon":"0"},"categories":[12],"tags":[732,2040,2752,2753,26399,6647,249,7164,2744,3793,76,14853,75,7160,53429,4564,2743,4411,6650,6651,13013,2741,40,41,2739,405,2750,35774,1963,39,21785,2746,439,66,2737,65,64],"class_list":["post-171780","post","type-post","status-publish","format-standard","has-post-thumbnail","category-welt","tag-ukraine","tag-2040","tag-2752","tag-2753","tag-alexander-lukaschenko","tag-belarus","tag-china","tag-dmitri-peskow","tag-drohne","tag-estland","tag-eu","tag-eurofighter","tag-europa","tag-fsb","tag-gitana-nauseda","tag-kampfjet","tag-kiew","tag-kreml","tag-lettland","tag-litauen","tag-luftraum","tag-moskau","tag-nachrichten","tag-news","tag-newsblog","tag-polizei","tag-reuters","tag-royal-air-force","tag-russland","tag-schlagzeilen","tag-suedukraine","tag-ukrainekrieg","tag-usa","tag-welt","tag-wolodymyr-selenskyj","tag-world","tag-world-news"],"share_on_mastodon":{"url":"https:\/\/pubeurope.com\/@at\/116613922749528558","error":""},"_links":{"self":[{"href":"https:\/\/www.europesays.com\/at\/wp-json\/wp\/v2\/posts\/171780","targetHints":{"allow":["GET"]}}],"collection":[{"href":"https:\/\/www.europesays.com\/at\/wp-json\/wp\/v2\/posts"}],"about":[{"href":"https:\/\/www.europesays.com\/at\/wp-json\/wp\/v2\/types\/post"}],"author":[{"embeddable":true,"href":"https:\/\/www.europesays.com\/at\/wp-json\/wp\/v2\/users\/2"}],"replies":[{"embeddable":true,"href":"https:\/\/www.europesays.com\/at\/wp-json\/wp\/v2\/comments?post=171780"}],"version-history":[{"count":0,"href":"https:\/\/www.europesays.com\/at\/wp-json\/wp\/v2\/posts\/171780\/revisions"}],"wp:featuredmedia":[{"embeddable":true,"href":"https:\/\/www.europesays.com\/at\/wp-json\/wp\/v2\/media\/171781"}],"wp:attachment":[{"href":"https:\/\/www.europesays.com\/at\/wp-json\/wp\/v2\/media?parent=171780"}],"wp:term":[{"taxonomy":"category","embeddable":true,"href":"https:\/\/www.europesays.com\/at\/wp-json\/wp\/v2\/categories?post=171780"},{"taxonomy":"post_tag","embeddable":true,"href":"https:\/\/www.europesays.com\/at\/wp-json\/wp\/v2\/tags?post=171780"}],"curies":[{"name":"wp","href":"https:\/\/api.w.org\/{rel}","templated":true}]}}