{"id":172362,"date":"2026-05-22T01:39:06","date_gmt":"2026-05-22T01:39:06","guid":{"rendered":"https:\/\/www.europesays.com\/at\/172362\/"},"modified":"2026-05-22T01:39:06","modified_gmt":"2026-05-22T01:39:06","slug":"chemie-kv-gewerkschaft-kuendigt-zweistuendigen-warnstreik-an-2","status":"publish","type":"post","link":"https:\/\/www.europesays.com\/at\/172362\/","title":{"rendered":"Chemie-KV &#8211; Gewerkschaft k\u00fcndigt zweist\u00fcndigen Warnstreik an"},"content":{"rendered":"<p>Die Sozialpartner haben sich auch in der 6. Verhandlungsrunde nicht auf einen neuen Kollektivvertrag f\u00fcr die rund 50.000 Besch\u00e4ftigten der Chemischen Industrie einigen k\u00f6nnen. Nachdem das Arbeitgeber-Angebot in H\u00f6he einer Einmalzahlung von 250 Euro zum dritten Mal nicht erh\u00f6ht wurde, rufe man zu einem zweist\u00fcndigen Warnstreik im Zeitraum 26. Mai bis 1. Juni auf, teilten die Gewerkschaften GPA und PRO-GE am Donnerstagabend mit. Die n\u00e4chste KV-Runde findet am 2. Juni statt.<\/p>\n","protected":false},"excerpt":{"rendered":"Die Sozialpartner haben sich auch in der 6. Verhandlungsrunde nicht auf einen neuen Kollektivvertrag f\u00fcr die rund 50.000&hellip;\n","protected":false},"author":2,"featured_media":172363,"comment_status":"","ping_status":"","sticky":false,"template":"","format":"standard","meta":{"footnotes":"","_share_on_mastodon":"0"},"categories":[8],"tags":[9342,5770,38896,53520,40,41,39,38,182,255],"class_list":["post-172362","post","type-post","status-publish","format-standard","has-post-thumbnail","category-nachrichten","tag-chemische-industrie","tag-gewerkschaften","tag-gpa","tag-kollektivvertraege","tag-nachrichten","tag-news","tag-schlagzeilen","tag-top-meldungen","tag-wien","tag-wirtschaft"],"share_on_mastodon":{"url":"https:\/\/pubeurope.com\/@at\/116615680177564540","error":""},"_links":{"self":[{"href":"https:\/\/www.europesays.com\/at\/wp-json\/wp\/v2\/posts\/172362","targetHints":{"allow":["GET"]}}],"collection":[{"href":"https:\/\/www.europesays.com\/at\/wp-json\/wp\/v2\/posts"}],"about":[{"href":"https:\/\/www.europesays.com\/at\/wp-json\/wp\/v2\/types\/post"}],"author":[{"embeddable":true,"href":"https:\/\/www.europesays.com\/at\/wp-json\/wp\/v2\/users\/2"}],"replies":[{"embeddable":true,"href":"https:\/\/www.europesays.com\/at\/wp-json\/wp\/v2\/comments?post=172362"}],"version-history":[{"count":0,"href":"https:\/\/www.europesays.com\/at\/wp-json\/wp\/v2\/posts\/172362\/revisions"}],"wp:featuredmedia":[{"embeddable":true,"href":"https:\/\/www.europesays.com\/at\/wp-json\/wp\/v2\/media\/172363"}],"wp:attachment":[{"href":"https:\/\/www.europesays.com\/at\/wp-json\/wp\/v2\/media?parent=172362"}],"wp:term":[{"taxonomy":"category","embeddable":true,"href":"https:\/\/www.europesays.com\/at\/wp-json\/wp\/v2\/categories?post=172362"},{"taxonomy":"post_tag","embeddable":true,"href":"https:\/\/www.europesays.com\/at\/wp-json\/wp\/v2\/tags?post=172362"}],"curies":[{"name":"wp","href":"https:\/\/api.w.org\/{rel}","templated":true}]}}