{"id":174119,"date":"2026-05-22T21:44:10","date_gmt":"2026-05-22T21:44:10","guid":{"rendered":"https:\/\/www.europesays.com\/at\/174119\/"},"modified":"2026-05-22T21:44:10","modified_gmt":"2026-05-22T21:44:10","slug":"sieg-gegen-fuerth-traumfreistoss-laesst-rw-essen-vom-aufstieg-traeumen","status":"publish","type":"post","link":"https:\/\/www.europesays.com\/at\/174119\/","title":{"rendered":"Sieg gegen F\u00fcrth! Traumfreisto\u00df l\u00e4sst RW Essen vom Aufstieg tr\u00e4umen"},"content":{"rendered":"<p>Dank eines Traumtores darf Rot-Weiss Essen mehr denn je auf die ersehnte R\u00fcckkehr in die 2. deutsche Bundesliga nach fast 20 Jahren hoffen.<\/p>\n<p>Im Relegationshinspiel gegen die SpVgg Greuther F\u00fcrth setzte sich der Traditionsklub aus dem Ruhrgebiet mit 1:0 (0:0) durch und reist am Dienstag (<a href=\"https:\/\/skyx.sky.at\/angebote\/sport?DCMP=bac-SSA-na-Textlink\" rel=\"nofollow noopener\" target=\"_blank\">20.30 Uhr live auf Sky und im Stream mit Sky X<\/a>) in aussichtsreicher Position zum R\u00fcckspiel nach Mittelfranken.<\/p>\n<p>Torben M\u00fcsel (62.) traf f\u00fcr den Drittliga-Dritten, versetzte das Stadion an der Hafenstra\u00dfe mit seinem sehenswerten Freisto\u00df in den Winkel in Ekstase und versch\u00e4rfte damit die Abstiegssorgen bei den F\u00fcrthern. Das Kleeblatt muss sich im Heimspiel strecken, um nicht erstmals seit 1997 wieder in die Drittklassigkeit abzust\u00fcrzen.<\/p>\n<p>M\u00fcsel bringt Essen mit Traumfreisto\u00df in F\u00fchrung<\/p>\n<p>Nach schwierigen Jahren mit Abstiegen, Insolvenz und sportlichem Misserfolg war Essen erst 2022 der Aufstieg in die 3. Liga gelungen, 14 Jahre hatte Essen nicht im Profifu\u00dfball gespielt. Entsprechend gro\u00df war die Euphorie beim deutschen Meister von 1955, der im Ligaendspurt noch geschw\u00e4chelt hatte.<\/p>\n<p><a class=\"ad-msg\" href=\"https:\/\/skyx.sky.at\/angebote\/sport?DCMP=bac-SSA-na-Banner_25__1\" target=\"_blank\" rel=\"nofollow noopener\"><img loading=\"lazy\" decoding=\"async\" width=\"900\" height=\"300\" src=\"https:\/\/www.europesays.com\/at\/wp-content\/uploads\/2026\/05\/1779477907_706_SkyX_Traumpass_Sport_03_2025_900x300_25EURO.jpg\" class=\"ad-msg__image ad-msg__image--mobile\" alt=\"Werbung\"  \/><\/a><\/p>\n<p>(SID)\/Bild: Imago<\/p>\n","protected":false},"excerpt":{"rendered":"Dank eines Traumtores darf Rot-Weiss Essen mehr denn je auf die ersehnte R\u00fcckkehr in die 2. deutsche Bundesliga&hellip;\n","protected":false},"author":2,"featured_media":174120,"comment_status":"","ping_status":"","sticky":false,"template":"","format":"standard","meta":{"footnotes":"","_share_on_mastodon":"0"},"categories":[8],"tags":[53897,40,41,45747,39,38],"class_list":["post-174119","post","type-post","status-publish","format-standard","has-post-thumbnail","category-nachrichten","tag-greuther-fuerth","tag-nachrichten","tag-news","tag-rot-weiss-essen","tag-schlagzeilen","tag-top-meldungen"],"share_on_mastodon":{"url":"https:\/\/pubeurope.com\/@at\/116620418602725180","error":""},"_links":{"self":[{"href":"https:\/\/www.europesays.com\/at\/wp-json\/wp\/v2\/posts\/174119","targetHints":{"allow":["GET"]}}],"collection":[{"href":"https:\/\/www.europesays.com\/at\/wp-json\/wp\/v2\/posts"}],"about":[{"href":"https:\/\/www.europesays.com\/at\/wp-json\/wp\/v2\/types\/post"}],"author":[{"embeddable":true,"href":"https:\/\/www.europesays.com\/at\/wp-json\/wp\/v2\/users\/2"}],"replies":[{"embeddable":true,"href":"https:\/\/www.europesays.com\/at\/wp-json\/wp\/v2\/comments?post=174119"}],"version-history":[{"count":0,"href":"https:\/\/www.europesays.com\/at\/wp-json\/wp\/v2\/posts\/174119\/revisions"}],"wp:featuredmedia":[{"embeddable":true,"href":"https:\/\/www.europesays.com\/at\/wp-json\/wp\/v2\/media\/174120"}],"wp:attachment":[{"href":"https:\/\/www.europesays.com\/at\/wp-json\/wp\/v2\/media?parent=174119"}],"wp:term":[{"taxonomy":"category","embeddable":true,"href":"https:\/\/www.europesays.com\/at\/wp-json\/wp\/v2\/categories?post=174119"},{"taxonomy":"post_tag","embeddable":true,"href":"https:\/\/www.europesays.com\/at\/wp-json\/wp\/v2\/tags?post=174119"}],"curies":[{"name":"wp","href":"https:\/\/api.w.org\/{rel}","templated":true}]}}