{"id":174374,"date":"2026-05-23T02:54:09","date_gmt":"2026-05-23T02:54:09","guid":{"rendered":"https:\/\/www.europesays.com\/at\/174374\/"},"modified":"2026-05-23T02:54:09","modified_gmt":"2026-05-23T02:54:09","slug":"obstbau-regionalitaet-entscheidend-noe-ist-mitten-in-der-erdbeersaison","status":"publish","type":"post","link":"https:\/\/www.europesays.com\/at\/174374\/","title":{"rendered":"Obstbau &#8211; Regionalit\u00e4t entscheidend: N\u00d6 ist mitten in der Erdbeersaison"},"content":{"rendered":"<p>        <img decoding=\"async\" src=\"https:\/\/www.europesays.com\/at\/wp-content\/uploads\/2026\/05\/img-CW6lRBtXntCDYDQ7.jpeg\" data-fullscreen-src=\"https:\/\/www.noen.at\/image\/3840x0-jpg\/6408822\/img-CW6lRBtXntCDYDQ7.jpeg\" bad-src=\"https:\/\/www.europesays.com\/at\/wp-content\/uploads\/2026\/05\/img-CW6lRBtXntCDYDQ7.jpeg\" data-teaser-member=\"image\" alt=\"Erdbeerfeld\"\/><\/p>\n<p>\n                Erdbeerpfl\u00fccken ist in Nieder\u00f6sterreich sehr beliebt.                    <\/p>\n<p>\n                Foto:<br \/>\n                Weingartner Foto, Weingartner-Foto                            <\/p>\n<p>\n        Regionale Erdbeeren werden im Mai und Juni frisch geerntet. Immer mehr Landsleute kaufen bewusst heimische Produkte. Erdbeeren aus Spanien und Italien sind heuer ohnehin nur eingeschr\u00e4nkt verf\u00fcgbar.     <\/p>\n<p>Nieder\u00f6sterreichs Landwirtinnen und Landwirte befinden sich aktuell mitten in der Erdbeersaison. Die beliebten Fr\u00fcchte werden in \u00d6sterreich vor allem im Mai und Juni frisch geerntet. \u201eOft lohnt es sich, auf den nat\u00fcrlichen Erntezeitpunkt zu warten \u2013 geschmacklich und auch im Sinne der Erdbeer-B\u00e4uerinnen und -Bauern\u201c, sagt Christina Mutenthaler-Sipek, Gesch\u00e4ftsf\u00fchrerin der AMA-Marketing. Sie wei\u00df, dass viele Konsumentinnen und Konsumenten beim Kauf von Erdbeeren bereits auf die Herkunft achten. 62 Prozent der Befragten haben bei der RollAMA-Motivanalyse 2025 angegeben, Erdbeeren regional zu kaufen.<\/p>\n","protected":false},"excerpt":{"rendered":"Erdbeerpfl\u00fccken ist in Nieder\u00f6sterreich sehr beliebt. Foto: Weingartner Foto, Weingartner-Foto Regionale Erdbeeren werden im Mai und Juni frisch&hellip;\n","protected":false},"author":2,"featured_media":174375,"comment_status":"","ping_status":"","sticky":false,"template":"","format":"standard","meta":{"footnotes":"","_share_on_mastodon":"0"},"categories":[8],"tags":[28387,18972,53942,41306,53939,4738,53941,40,41,53940,724,39,38,35645],"class_list":["post-174374","post","type-post","status-publish","format-standard","has-post-thumbnail","category-nachrichten","tag-ama-marketing","tag-christina-mutenthaler-sipek","tag-erdbeeranbauflaeche","tag-erdbeeren","tag-erdbeersaison","tag-ernte","tag-josef-zachhalmel","tag-nachrichten","tag-news","tag-obstbau","tag-redaktion","tag-schlagzeilen","tag-top-meldungen","tag-trockenheit"],"share_on_mastodon":{"url":"https:\/\/pubeurope.com\/@at\/116621637373727730","error":""},"_links":{"self":[{"href":"https:\/\/www.europesays.com\/at\/wp-json\/wp\/v2\/posts\/174374","targetHints":{"allow":["GET"]}}],"collection":[{"href":"https:\/\/www.europesays.com\/at\/wp-json\/wp\/v2\/posts"}],"about":[{"href":"https:\/\/www.europesays.com\/at\/wp-json\/wp\/v2\/types\/post"}],"author":[{"embeddable":true,"href":"https:\/\/www.europesays.com\/at\/wp-json\/wp\/v2\/users\/2"}],"replies":[{"embeddable":true,"href":"https:\/\/www.europesays.com\/at\/wp-json\/wp\/v2\/comments?post=174374"}],"version-history":[{"count":0,"href":"https:\/\/www.europesays.com\/at\/wp-json\/wp\/v2\/posts\/174374\/revisions"}],"wp:featuredmedia":[{"embeddable":true,"href":"https:\/\/www.europesays.com\/at\/wp-json\/wp\/v2\/media\/174375"}],"wp:attachment":[{"href":"https:\/\/www.europesays.com\/at\/wp-json\/wp\/v2\/media?parent=174374"}],"wp:term":[{"taxonomy":"category","embeddable":true,"href":"https:\/\/www.europesays.com\/at\/wp-json\/wp\/v2\/categories?post=174374"},{"taxonomy":"post_tag","embeddable":true,"href":"https:\/\/www.europesays.com\/at\/wp-json\/wp\/v2\/tags?post=174374"}],"curies":[{"name":"wp","href":"https:\/\/api.w.org\/{rel}","templated":true}]}}