{"id":174460,"date":"2026-05-23T04:11:09","date_gmt":"2026-05-23T04:11:09","guid":{"rendered":"https:\/\/www.europesays.com\/at\/174460\/"},"modified":"2026-05-23T04:11:09","modified_gmt":"2026-05-23T04:11:09","slug":"wegen-schicksalsschlag-us-geheimdienstchefin-gabbard-erklaert-ruecktritt","status":"publish","type":"post","link":"https:\/\/www.europesays.com\/at\/174460\/","title":{"rendered":"Wegen Schicksalsschlag &#8211; US-Geheimdienstchefin Gabbard erkl\u00e4rt R\u00fccktritt"},"content":{"rendered":"<p>Kritisch gegen\u00fcber US-Milit\u00e4r<br \/>In einem Abschiedsbrief dankte sie US-Pr\u00e4sident Donald Trump f\u00fcr das Vertrauen, das er ihr entgegengebracht habe. Gabbard sorgte seit Jahren f\u00fcr Kontroversen mit ihren Positionen, die bei Rechten wie Linken auf Anklang sto\u00dfen. Die Vereinigten Staaten sollten aufh\u00f6ren, \u201eder Weltpolizist zu sein, keine Regierungen mehr st\u00fcrzen, den neuen Kalten Krieg und das nukleare Wettr\u00fcsten beenden und unsere Ressourcen f\u00fcr dringende Bed\u00fcrfnisse im eigenen Land einsetzen\u201c, schrieb sie etwa 2019 im \u201eWall Street Journal\u201c.<\/p>\n","protected":false},"excerpt":{"rendered":"Kritisch gegen\u00fcber US-Milit\u00e4rIn einem Abschiedsbrief dankte sie US-Pr\u00e4sident Donald Trump f\u00fcr das Vertrauen, das er ihr entgegengebracht habe.&hellip;\n","protected":false},"author":2,"featured_media":174461,"comment_status":"","ping_status":"","sticky":false,"template":"","format":"standard","meta":{"footnotes":"","_share_on_mastodon":"0"},"categories":[8],"tags":[53954,53955,575,53956,5512,40,41,39,38,576,577,53957,53874],"class_list":["post-174460","post","type-post","status-publish","format-standard","has-post-thumbnail","category-nachrichten","tag-aaron-lukas","tag-abraham","tag-donald-trump","tag-gabbard","tag-irak","tag-nachrichten","tag-news","tag-schlagzeilen","tag-top-meldungen","tag-trump","tag-trumps","tag-tulsi","tag-tulsi-gabbard"],"share_on_mastodon":{"url":"https:\/\/pubeurope.com\/@at\/116621940133822578","error":""},"_links":{"self":[{"href":"https:\/\/www.europesays.com\/at\/wp-json\/wp\/v2\/posts\/174460","targetHints":{"allow":["GET"]}}],"collection":[{"href":"https:\/\/www.europesays.com\/at\/wp-json\/wp\/v2\/posts"}],"about":[{"href":"https:\/\/www.europesays.com\/at\/wp-json\/wp\/v2\/types\/post"}],"author":[{"embeddable":true,"href":"https:\/\/www.europesays.com\/at\/wp-json\/wp\/v2\/users\/2"}],"replies":[{"embeddable":true,"href":"https:\/\/www.europesays.com\/at\/wp-json\/wp\/v2\/comments?post=174460"}],"version-history":[{"count":0,"href":"https:\/\/www.europesays.com\/at\/wp-json\/wp\/v2\/posts\/174460\/revisions"}],"wp:featuredmedia":[{"embeddable":true,"href":"https:\/\/www.europesays.com\/at\/wp-json\/wp\/v2\/media\/174461"}],"wp:attachment":[{"href":"https:\/\/www.europesays.com\/at\/wp-json\/wp\/v2\/media?parent=174460"}],"wp:term":[{"taxonomy":"category","embeddable":true,"href":"https:\/\/www.europesays.com\/at\/wp-json\/wp\/v2\/categories?post=174460"},{"taxonomy":"post_tag","embeddable":true,"href":"https:\/\/www.europesays.com\/at\/wp-json\/wp\/v2\/tags?post=174460"}],"curies":[{"name":"wp","href":"https:\/\/api.w.org\/{rel}","templated":true}]}}