{"id":178017,"date":"2026-05-25T10:17:06","date_gmt":"2026-05-25T10:17:06","guid":{"rendered":"https:\/\/www.europesays.com\/at\/178017\/"},"modified":"2026-05-25T10:17:06","modified_gmt":"2026-05-25T10:17:06","slug":"super-kimi-pressestimmen-zum-grossen-preis-von-kanada","status":"publish","type":"post","link":"https:\/\/www.europesays.com\/at\/178017\/","title":{"rendered":"&#8222;Super-Kimi&#8220;: Pressestimmen zum Gro\u00dfen Preis von Kanada"},"content":{"rendered":"<p>Kimi Antonelli emanzipiert sich bei Mercedes erkennbar, das f\u00e4llt auch der italienischen Presse auf. \u201eEr wird immer st\u00e4rker, schneller, unaufhaltsam\u201c, schreibt La Stampa, \u201ekeiner ist wie Kimi\u201c, findet die Gazzetta dello Sport.<\/p>\n<p>Beim Blick auf Antonelli und George Russell f\u00fchlen sich zahlreiche Bl\u00e4tter schon erinnert an das teilweise \u00fcberharte Mercedes-Duell zwischen Nico Rosberg und Lewis Hamilton vor zehn Jahren. \u2013 Die Pressestimmen zum Gro\u00dfen Preis von Kanada.<\/p>\n<p>ITALIEN<\/p>\n<p>Gazzetta dello Sport: \u201eToto Wolff hatte sich kein Duell im Stil von Star Wars gew\u00fcnscht, doch seine Piloten hatten f\u00fcr den Grand Prix von Montr\u00e9al andere Pl\u00e4ne. Ihr Zweikampf machte das Rennen spannender denn je. Antonelli bot den Fans eine einmalige Show: Kein Fahrer ist wie Kimi.\u201c<\/p>\n<p>La Repubblica: \u201eStar Wars, zweite Episode: Kimi gegen George. Der Bruderkrieg im Hause Mercedes versetzt die gesamte Formel 1 in Aufruhr. Die beiden liefern sich einen erbitterten Schlagabtausch ohne Pause.\u201c<\/p>\n<p>Corriere della Sera: \u201eAntonelli spielt seine vierte Symphonie und liefert in Kanada ein Meisterwerk ab. Er gl\u00e4nzt mit Pers\u00f6nlichkeit, Aggressivit\u00e4t und Intelligenz.\u201c<\/p>\n<p>La Stampa: \u201eSuper-Kimi: Er wird immer st\u00e4rker, schneller und scheinbar unaufhaltsam. Auf und neben der Rennstrecke ist er schnell gewachsen, wie es nur Teenager k\u00f6nnen. Nun wird er selbst f\u00fcr seinen Teamkollegen Russell zur echten Gefahr \u2013 de facto sein einziger Rivale im Kampf um den WM-Titel.\u201c<\/p>\n<p>Il Messaggero: \u201eDas Duell zwischen Antonelli und Russell ist vor allem ein zerm\u00fcrbender Nervenkrieg \u2013 insbesondere f\u00fcr Mercedes-Teamchef Toto Wolff. Er erlebt eine Saison wie vor zehn Jahren, als sich Lewis Hamilton und Nico Rosberg bei Mercedes erbitterte K\u00e4mpfe lieferten.\u201c<\/p>\n<p>ENGLAND<\/p>\n<p>The Guardian: \u201eEin Musterbeispiel f\u00fcr echten Rennsport. Russell musste einige gro\u00dfartige Defensivman\u00f6ver zeigen, und Antonelli war wie immer eine unb\u00e4ndige Kraft, eine Freude, ihm zuzusehen. Hin und her attackierten sie sich, keiner dabei fehlerlos. Es war grandioser Sport, bei dem nichts zwischen ihnen lag. Russell muss sich wohl fragen, was er noch tun soll, um in diesem Duell endlich einmal etwas Gl\u00fcck zu haben.\u201c<\/p>\n<p>Daily Mail: \u201eGeorge Russell beteuerte immer wieder, er denke nicht an die Weltmeisterschaft. Er sagte es mit unbewegter Miene \u2013 und es war v\u00f6lliger Unsinn. Das zeigte sich, als er nach einem Defekt, der seinem gl\u00e4nzenden Auftritt ein Ende setzte, seine Kopfst\u00fctze auf die Strecke schleuderte. Er h\u00e4mmerte mit beiden F\u00e4usten auf sein Auto ein.\u201c<\/p>\n<p>The Telegraph: \u201eWas f\u00fcr einen Schlagabtausch uns Russell und Antonelli da geliefert haben. Die beiden gingen Runde um Runde Rad an Rad, \u00fcberholten sich gegenseitig und konterten immer wieder. Wenn das doch nur so weitergegangen w\u00e4re. Doch was f\u00fcr ein brutaler R\u00fcckschlag f\u00fcr Russell, als sich sein Antrieb verabschiedete \u2013 unfassbar grausam.\u201c<\/p>\n<p><a href=\"https:\/\/www.skysportaustria.at\/mediathek\/der-motor-ging-einfach-ploetzlich-aus-russell-zu-seinem-ausfall\/\" rel=\"nofollow noopener\" target=\"_blank\">\u201cDer Motor ging einfach pl\u00f6tzlich aus\u201c \u2013 Russell zu seinem Ausfall<\/a><\/p>\n<p>SPANIEN<\/p>\n<p>Sport: \u201eKimi Antonelli stellte seinen \u201aKillerinstinkt\u2018 unter Beweis. Der 19-j\u00e4hrige Italiener zeigte seinen unb\u00e4ndigen Ehrgeiz und verteidigte seine F\u00fchrung in der Weltmeisterschaft mit Z\u00e4hnen und Klauen. Nachdem er sich im turbulenten Sprintrennen am Samstag noch George Russell geschlagen geben musste, setzte er seinen Teamkollegen an diesem Sonntag erneut massiv unter Druck \u2013 und das so unerbittlich, bis das Auto des Briten zur Rennhalbzeit schlie\u00dflich den Geist aufgab.\u201c<\/p>\n<p>Marca: \u201eDer Albtraum des Jahres 2026 setzt sich f\u00fcr Fernando Alonso fort. Obwohl er unmissverst\u00e4ndlich klargemacht hat, dass er Geduld hat und sein Moment noch kommen wird, bleibt die Realit\u00e4t f\u00fcr den zweimaligen Champion aus Asturien d\u00fcster. Was eigentlich ein spannender Gro\u00dfer Preis von Kanada werden sollte, verwandelte sich in einen Albtraum, da es ihm nicht gelang, eines der beiden Rennen zu beenden. Am Sonntag kam er nicht einmal \u00fcber die 27. Runde hinaus.\u201c<\/p>\n<p>Die Highlights vom Kanada-GP<\/p>\n<p><a href=\"https:\/\/www.skysportaustria.at\/wm-fuehrung-ausgebaut-antonelli-gewinnt-in-kanada\/\" rel=\"nofollow noopener\" target=\"_blank\">WM-F\u00fchrung ausgebaut: Antonelli gewinnt in Kanada<\/a><\/p>\n<p>(SID)\/Bild: Imago<\/p>\n","protected":false},"excerpt":{"rendered":"Kimi Antonelli emanzipiert sich bei Mercedes erkennbar, das f\u00e4llt auch der italienischen Presse auf. \u201eEr wird immer st\u00e4rker,&hellip;\n","protected":false},"author":2,"featured_media":178018,"comment_status":"","ping_status":"","sticky":false,"template":"","format":"standard","meta":{"footnotes":"","_share_on_mastodon":"0"},"categories":[8],"tags":[4432,330,40,41,52295,39,38],"class_list":["post-178017","post","type-post","status-publish","format-standard","has-post-thumbnail","category-nachrichten","tag-formel-1","tag-kanada","tag-nachrichten","tag-news","tag-pressestimmen","tag-schlagzeilen","tag-top-meldungen"],"share_on_mastodon":{"url":"https:\/\/pubeurope.com\/@at\/116634703841923156","error":""},"_links":{"self":[{"href":"https:\/\/www.europesays.com\/at\/wp-json\/wp\/v2\/posts\/178017","targetHints":{"allow":["GET"]}}],"collection":[{"href":"https:\/\/www.europesays.com\/at\/wp-json\/wp\/v2\/posts"}],"about":[{"href":"https:\/\/www.europesays.com\/at\/wp-json\/wp\/v2\/types\/post"}],"author":[{"embeddable":true,"href":"https:\/\/www.europesays.com\/at\/wp-json\/wp\/v2\/users\/2"}],"replies":[{"embeddable":true,"href":"https:\/\/www.europesays.com\/at\/wp-json\/wp\/v2\/comments?post=178017"}],"version-history":[{"count":0,"href":"https:\/\/www.europesays.com\/at\/wp-json\/wp\/v2\/posts\/178017\/revisions"}],"wp:featuredmedia":[{"embeddable":true,"href":"https:\/\/www.europesays.com\/at\/wp-json\/wp\/v2\/media\/178018"}],"wp:attachment":[{"href":"https:\/\/www.europesays.com\/at\/wp-json\/wp\/v2\/media?parent=178017"}],"wp:term":[{"taxonomy":"category","embeddable":true,"href":"https:\/\/www.europesays.com\/at\/wp-json\/wp\/v2\/categories?post=178017"},{"taxonomy":"post_tag","embeddable":true,"href":"https:\/\/www.europesays.com\/at\/wp-json\/wp\/v2\/tags?post=178017"}],"curies":[{"name":"wp","href":"https:\/\/api.w.org\/{rel}","templated":true}]}}