{"id":178981,"date":"2026-05-25T22:06:11","date_gmt":"2026-05-25T22:06:11","guid":{"rendered":"https:\/\/www.europesays.com\/at\/178981\/"},"modified":"2026-05-25T22:06:11","modified_gmt":"2026-05-25T22:06:11","slug":"nur-raetsel-und-haeme-jetzt-spotten-sogar-russen-ueber-putins-wunderwaffe-kronen-zeitung","status":"publish","type":"post","link":"https:\/\/www.europesays.com\/at\/178981\/","title":{"rendered":"Nur R\u00e4tsel und H\u00e4me &#8211; Jetzt spotten sogar Russen \u00fcber Putins Wunderwaffe &#8211; Kronen Zeitung"},"content":{"rendered":"<p><a href=\"https:\/\/news.google.com\/rss\/articles\/CBMiQkFVX3lxTE44QlNvb2JSV19oT2NNbWNxdGJjVEFWSTM0SEphMDFwc1d3NjNHSzRwOERtcllLXzN6N3NHaFlPU2ZOdw?oc=5\" target=\"_blank\" rel=\"nofollow noopener\">Nur R\u00e4tsel und H\u00e4me &#8211; Jetzt spotten sogar Russen \u00fcber Putins Wunderwaffe<\/a>&nbsp;&nbsp;Kronen Zeitung<a href=\"https:\/\/news.google.com\/rss\/articles\/CBMiRkFVX3lxTE9pOV9KOURpSmZ3UW52dmhYcEluQjBxZHFzVzRvanlGSDQxUU5LRG53SDFEWjdDS0NyQi1fWmJwMm51Zjh0aVE?oc=5\" target=\"_blank\" rel=\"nofollow noopener\">Russische Angriffe auf Kiew: Entsetzen nach Einsatz von Oreschnik-Rakete<\/a>&nbsp;&nbsp;ORF<a href=\"https:\/\/news.google.com\/rss\/articles\/CBMikwJBVV95cUxPaUUxbEtOR2VQTGNSZUdXTEF2b2tfRVJhcmdmQlhRMFNGNEx2NjhPTEtvVGtMc3hpa0tRcWNBMEVNQmIwMV93WlZJVWowTUh1V00xcGtHN0R4d3gxcEo4RjllSG5vQWxyNWxiUWRKMUVzZmx5bUFrdXQ1RDZud3RUV1lfWi1peGlaLW1xcXdwdUp2M0I4WGF2d2FaQmxfUm01MVNnMl9oNVlWanB6Y0FXWVN2QWNNdkpLMmp5dnBwZXFFV2I5X1Y2clpyR3NLeWJFaEFiOGd4bnZEdHduUk1fYkdjMTVYTnlQY05rNm0zVXUxa3NYSnFwUEYzTmhLTndtdzV5WE1fd19iME1rQ04wWFJFTQ?oc=5\" target=\"_blank\" rel=\"nofollow noopener\">Ukraine-Krieg: Russland fordert Ausl\u00e4nder zum Verlassen von Kiew auf \u2013 Ausw\u00e4rtiges Amt beurteilt Lage fortlaufend<\/a>&nbsp;&nbsp;WELT<a href=\"https:\/\/news.google.com\/rss\/articles\/CBMizgFBVV95cUxNYm9KdUEyUzV2eko3RE5UMElhNDRlckQ0Q0ZIcmhCYXlqWjRDYzBMTzZrOVRObTZnMGFPQ2owOVJWYmxYY0NFRW1uMExtdW4wUUhpSUtJaXFVMWxLNWFBTjVJZTEwRk1qeEhjSUc0QURFYS1qeVJoeW5hdE92RUpXTG9SdnVnUGhlaV81c3hxMVZhdlFFUFU1QUJHcEtyNmJzdzVIZkVwQ2Y1OWlQbENkaXNZanJkZjdjdThTQ3pwQ3VKYTFmMGo3Mk5mQVRydw?oc=5\" target=\"_blank\" rel=\"nofollow noopener\">Moskau warnt Auslandsdiplomaten in Kyjiw vor neuerlichem Angriff, Europa sucht Reaktion<\/a>&nbsp;&nbsp;Der Standard<a href=\"https:\/\/news.google.com\/rss\/articles\/CBMiiwFBVV95cUxNc184dWx0SWVQb29mQ01FZ3ZZTG54X1Mtc0h3OElZa0plSS02MUFjUDBSYmk4QXZpTW9uNXpyQjh3T3JESDNhWEktWlZlTjhBejRwSnEzRGFIbTROcjl5dFNKRXJNWEJ0S3M4M0h5UmJrTVRIa09DU25oXy02aGx0LTZjQ29sbFh0cEdn?oc=5\" target=\"_blank\" rel=\"nofollow noopener\">Ukraine: Aufr\u00e4umarbeiten in Kiew &#8211; und die Forderung nach Konsequenzen<\/a>&nbsp;&nbsp;tagesschau.de<\/p>\n","protected":false},"excerpt":{"rendered":"Nur R\u00e4tsel und H\u00e4me &#8211; Jetzt spotten sogar Russen \u00fcber Putins Wunderwaffe&nbsp;&nbsp;Kronen ZeitungRussische Angriffe auf Kiew: Entsetzen nach&hellip;\n","protected":false},"author":2,"featured_media":178982,"comment_status":"","ping_status":"","sticky":false,"template":"","format":"standard","meta":{"footnotes":"","_share_on_mastodon":"0"},"categories":[8],"tags":[732,54839,54840,54841,40,41,47642,24240,54842,4413,1963,39,7158,38,6758,4416,2737],"class_list":["post-178981","post","type-post","status-publish","format-standard","has-post-thumbnail","category-nachrichten","tag-ukraine","tag-alexey-zhiwow","tag-igor-girkin","tag-mykhailo-fedorow","tag-nachrichten","tag-news","tag-nico-lange","tag-putins","tag-romanow","tag-russische","tag-russland","tag-schlagzeilen","tag-telegram","tag-top-meldungen","tag-ukrainische","tag-ukrainischen","tag-wolodymyr-selenskyj"],"share_on_mastodon":{"url":"https:\/\/pubeurope.com\/@at\/116637491766700001","error":""},"_links":{"self":[{"href":"https:\/\/www.europesays.com\/at\/wp-json\/wp\/v2\/posts\/178981","targetHints":{"allow":["GET"]}}],"collection":[{"href":"https:\/\/www.europesays.com\/at\/wp-json\/wp\/v2\/posts"}],"about":[{"href":"https:\/\/www.europesays.com\/at\/wp-json\/wp\/v2\/types\/post"}],"author":[{"embeddable":true,"href":"https:\/\/www.europesays.com\/at\/wp-json\/wp\/v2\/users\/2"}],"replies":[{"embeddable":true,"href":"https:\/\/www.europesays.com\/at\/wp-json\/wp\/v2\/comments?post=178981"}],"version-history":[{"count":0,"href":"https:\/\/www.europesays.com\/at\/wp-json\/wp\/v2\/posts\/178981\/revisions"}],"wp:featuredmedia":[{"embeddable":true,"href":"https:\/\/www.europesays.com\/at\/wp-json\/wp\/v2\/media\/178982"}],"wp:attachment":[{"href":"https:\/\/www.europesays.com\/at\/wp-json\/wp\/v2\/media?parent=178981"}],"wp:term":[{"taxonomy":"category","embeddable":true,"href":"https:\/\/www.europesays.com\/at\/wp-json\/wp\/v2\/categories?post=178981"},{"taxonomy":"post_tag","embeddable":true,"href":"https:\/\/www.europesays.com\/at\/wp-json\/wp\/v2\/tags?post=178981"}],"curies":[{"name":"wp","href":"https:\/\/api.w.org\/{rel}","templated":true}]}}