{"id":181018,"date":"2026-05-26T23:23:12","date_gmt":"2026-05-26T23:23:12","guid":{"rendered":"https:\/\/www.europesays.com\/at\/181018\/"},"modified":"2026-05-26T23:23:12","modified_gmt":"2026-05-26T23:23:12","slug":"relegation-sieg-gegen-essen-fuerth-bleibt-zweitklassig","status":"publish","type":"post","link":"https:\/\/www.europesays.com\/at\/181018\/","title":{"rendered":"Relegation: Sieg gegen Essen &#8211; F\u00fcrth bleibt zweitklassig"},"content":{"rendered":"<p>            <img loading=\"lazy\" decoding=\"async\" class=\"ts-image\" src=\"https:\/\/www.europesays.com\/at\/wp-content\/uploads\/2026\/05\/fuerth-jubel-166.jpg\" alt=\"F\u00fcrths Branimir Hrgota bejubelt seinen Treffer mit den Teamkollegen\" title=\"F\u00fcrths Branimir Hrgota bejubelt seinen Treffer mit den Teamkollegen | IMAGO \/ kolbert-press\"\/><\/p>\n<p class=\"metatextline\">Stand: 27.05.2026 \u2022 00:16 Uhr<\/p>\n<p class=\"article-head__shorttext\">\n        Die SpVgg Greuther F\u00fcrth bleibt in der 2. Bundesliga. Das &#8222;Kleeblatt&#8220; gewann das Relegation-R\u00fcckspiel gegen den Drittligisten Rot-Weiss Essen mit 2:0 &#8211; auch weil RWE jede Menge Chancen ungenutzt lie\u00df.\n    <\/p>\n<p class=\"textabsatz m-ten m-offset-one l-eight l-offset-two columns twelve\">Vor 16.126 Zuschauern im Sportpark Ronhof trafen Noel Futkeu (29.) und Branimir Hrgota (47.) f\u00fcr die F\u00fcrther. <a href=\"https:\/\/www.sportschau.de\/fussball\/bundesliga2\/traumtor-von-muesel-essen-rast-mit-121-km-h-richtung-2-liga,relegation-essen-fuerth-spielbericht-100.html\" title=\"Relegation: M\u00fcsel schie\u00dft Rot-Weiss Essen gegen F\u00fcrth zum Sieg\" rel=\"nofollow noopener\" target=\"_blank\">Das Hinspiel hatten die Essener daheim mit 1:0 gewonnen. <\/a>Doch das reichte dem Team von Trainer Uwe Koschinat im R\u00fcckspiel nicht.<\/p>\n<p class=\"textabsatz m-ten m-offset-one l-eight l-offset-two columns twelve\">Seit 1997 spielen die F\u00fcrther &#8211; abgesehen von zwei einj\u00e4hrigen Ausfl\u00fcgen in die Bundesliga &#8211; im Fu\u00dfball-Unterhaus und f\u00fchren sogar die &#8222;ewige Tabelle&#8220; der 2. Bundesliga an. Die kann die Mannschaft von Coach Heiko Vogel im kommenden Jahr ausbauen. Die Essener m\u00fcssen dagegen weiter auf die R\u00fcckkehr in Liga zwei warten. Dort hatten sie 2007 zum bisher letzten Mal gespielt.<\/p>\n<p>    <a class=\"btn btn--text btn--standard-secondary btn--fullwidth\" href=\"https:\/\/www.sportschau.de\/live-und-ergebnisse\/fussball\/deutschland-relegation-2-bundesliga\/ma12034409\/spvgg-greuther-fuerth_rot-weiss-essen\/liveticker\" rel=\"nofollow noopener\" target=\"_blank\"><br \/>\n        Live-Ticker zum Nachlesen<\/p>\n<p>  Pfeil rechts<\/p>\n<p>    <\/a><\/p>\n<p>    <a class=\"btn btn--text btn--standard-secondary btn--fullwidth\" href=\"https:\/\/www.sportschau.de\/live-und-ergebnisse\/fussball\/deutschland-relegation-2-bundesliga\/spiele-und-ergebnisse\/\" rel=\"nofollow noopener\" target=\"_blank\"><br \/>\n        Relegation<\/p>\n<p>  Pfeil rechts<\/p>\n<p>    <\/a><\/p>\n<p class=\"textabsatz m-ten m-offset-one l-eight l-offset-two columns twelve\">&#8222;Ich bin \u00fcbergl\u00fccklich. Das ist genau die Art und Weise, mit der ich mich hier verabschieden wollte mit dem Klassenerhalt&#8220;, sagte Torsch\u00fctze Futkeu am ARD-Mikrofon: &#8222;Das ist uns heute wirklich sehr gut gelungen. Und ich bin sehr, sehr gl\u00fccklich dar\u00fcber.&#8220; Essens Trainer Uwe Koschinat war entsprechend entt\u00e4uscht: &#8222;Ich glaube, dass wir in zwei Spielen mehr als auf Augenh\u00f6he waren&#8220;, sagte er und: &#8222;Insofern tut das nat\u00fcrlich sehr sehr weh.&#8220;<\/p>\n<p>    Chancen auf beiden Seiten<\/p>\n<p class=\"textabsatz m-ten m-offset-one l-eight l-offset-two columns twelve\">Von Beginn an suchten beide Teams ihre Chance. Die erste hatte F\u00fcrths Sayf Ltaief nach sechs Minuten, als er auf der linken Seite auf und davon ging, mit seinem Schuss aber das Tor nur knapp verfehlte.<\/p>\n<p class=\"textabsatz m-ten m-offset-one l-eight l-offset-two columns twelve\">Doch dann w\u00e4re Essen fast in F\u00fchrung gegangen. Gianluca Swajkowski tauchte nach einem langen Einwurf pl\u00f6tzlich frei vor dem F\u00fcrther Tor auf, scheiterte aber an Torwart Silas Pr\u00fcfrock. Der musste kurz danach auch einen Schuss von Torben M\u00fcsel entsch\u00e4rfen, den er so gerade noch \u00fcber das Tor lenken konnte. Auf der Gegenseite klatschte der Ball bei einer abgerutschten Flanke von F\u00fcrths Jannik Dehm an die Latte.<\/p>\n<p class=\"textabsatz m-ten m-offset-one l-eight l-offset-two columns twelve\">Im Anschluss war es ein Spiel mit offenem Visier. Bei einem Essener Konter spielte M\u00fcsel Ramien Safi frei, dessen Abschluss im letzten Moment aber von Jan Elvedi geblockt wurde.<\/p>\n<p>    Futkeu bringt F\u00fcrth in F\u00fchrung, Essener Abseitstor<\/p>\n<p class=\"textabsatz m-ten m-offset-one l-eight l-offset-two columns twelve\">Dann schlugen die F\u00fcrther zu. \u00dcber Branimir Hrgota und Felix Klaus kam der Ball im Strafraum zu Futkeu, der dann eiskalt mit einem trockenen Abschluss zuschlug &#8211; das 1:0.<\/p>\n<p class=\"textabsatz m-ten m-offset-one l-eight l-offset-two columns twelve\">Die SpVgg wollte nachlegen. Die Essener Abwehr und Torwart Jakob Golz hatten im Anschluss die ein oder andere prek\u00e4re Situation zu \u00fcberstehen &#8211; erst gegen Klaus und dann gegen Sacha Bans\u00e9. Zweimal parierte der Schlussmann stark. RWE war dann wiederum im Pech, als ein Treffer von Kaito Mizuta wegen einer knappen Abseitsposition nicht z\u00e4hlte. Mit 1:0 ging es in die Pause, und F\u00fcrth hatte den R\u00fcckstand aus dem Hinspiel egalisiert.<\/p>\n<p>    Hrgota erh\u00f6ht nach Wiederanpfiff f\u00fcr F\u00fcrth<\/p>\n<p class=\"textabsatz m-ten m-offset-one l-eight l-offset-two columns twelve\">Was immer sich Essen in der Pause vorgenommen hatte, es war kurz nach Wiederanpfiff dahin. Hrgota kam in seinem letzten Spiel f\u00fcr die F\u00fcrther am rechten Strafraumeck an den Ball und schlenzte das Leder dann mit dem linken Fu\u00df ins lange Eck &#8211; ein sehr sch\u00f6nes Tor. Diese individuelle Klasse bewunderte auch Koschinat: &#8222;Sie hatten einfach die magischen Momente auf ihrer Seite&#8220;, sagte er.<\/p>\n<p class=\"textabsatz m-ten m-offset-one l-eight l-offset-two columns twelve\">F\u00fcrth dr\u00fcckte auf die Entscheidung, Essen konterte und hatte die Chance zum Ausgleich, doch Michael Kostka scheiterte frei vor dem Tor an Pr\u00fcfrock und vergab damit die zweite Riesen-M\u00f6glichkeit f\u00fcr sein Team.<\/p>\n<p>    Viel Arbeit f\u00fcr Essens Torwart Golz<\/p>\n<p class=\"textabsatz m-ten m-offset-one l-eight l-offset-two columns twelve\">Es blieb wild, die Partie, sie wollte sich nicht beruhigen. Wieder zog Hrgota vom Strafraumeck ab, doch diesmal war Golz auf dem Posten und er parierte auch den Nachschuss von Futkeu und vereitelte damit die Doppelchance f\u00fcr F\u00fcrth.<\/p>\n<p>    Erneut Abseits: Auch Essens zweiter Treffer z\u00e4hlt nicht<\/p>\n<p class=\"textabsatz m-ten m-offset-one l-eight l-offset-two columns twelve\">Doch die F\u00fcrther F\u00fchrung war fragil, ein Tor von Essen h\u00e4tte die Verl\u00e4ngerung bedeutet. RWE ging in der Folge immer mehr ins Risiko und h\u00e4tte sich in Minute 68 fast belohnt. Doch Jaka Cuber Potocnik stand bei seinem Treffer erneut knapp im Abseits. &#8222;Sie mussten sehr destruktiv die letzten Minuten herunterspielen&#8220;, befand Koschinat in Anbetracht der zahlreichen M\u00f6glichkeiten seiner Mannschaft.<\/p>\n<p>    Pr\u00fcfrock wird zum F\u00fcrther Helden<\/p>\n<p class=\"textabsatz m-ten m-offset-one l-eight l-offset-two columns twelve\">F\u00fcr die Essener war das zum Verzweifeln, und ihnen lief die Zeit davon. Doch sie gaben nicht auf. In der 81. Minute setzte Dickson Abiama den Ball per Kopf an den Pfosten, M\u00fcsel k\u00f6pfte den Abpraller aufs leere Tor, doch dann kam Pr\u00fcfrock herangeflogen und schnappte sich den Ball &#8211; eine Riesen-Tat des Torh\u00fcters. Die restlichen Minuten wurden f\u00fcr F\u00fcrth zur Abwehrschlacht, doch sie brachten in der hektischen Schlussphase den Vorsprung \u00fcber die Zeit.<\/p>\n<p class=\"textabsatz m-ten m-offset-one l-eight l-offset-two columns twelve\">F\u00fcrths-Trainer Heiko Vogel gab sich bei aller Freude \u00fcber den Sieg erleichtert und dem\u00fctig. Die Relegation sei deshalb besonders speziell, weil in den Klubs viele Jobs auf dem Spiel st\u00fcnden.<\/p>\n<p>Hinweis<\/p>\n<p>            Bei Google erscheinen neben den Suchergebnissen h\u00e4ufig aktuelle News-Boxen. Wer die Sportschau als bevorzugte Quelle hinterlegt, bekommt dort h\u00e4ufiger unabh\u00e4ngigen, werbefreien und hintergr\u00fcndigen Sportjournalismus angezeigt. <a href=\"https:\/\/www.google.com\/preferences\/source?q=sportschau.de\" title=\"Bevorzugte Quelle der Sportschau bei Google\" class=\"textlink--extern js-link-dialog\" rel=\"noopener noreferrer nofollow\" target=\"_blank\" data-type=\"external\">Jetzt hier Sportschau als bevorzugte Quelle hinzuf\u00fcgen.<\/a><\/p>\n<p>    <a class=\"btn btn--text btn--standard-secondary btn--fullwidth js-link-dialog\" href=\"https:\/\/www.google.com\/preferences\/source?q=sportschau.de\" data-type=\"external\" rel=\"nofollow noopener\" target=\"_blank\"><br \/>\n        Bevorzugte Quelle der Sportschau bei Google<\/p>\n<p>  Pfeil rechts<\/p>\n<p>    <\/a><\/p>\n","protected":false},"excerpt":{"rendered":"Stand: 27.05.2026 \u2022 00:16 Uhr Die SpVgg Greuther F\u00fcrth bleibt in der 2. Bundesliga. Das &#8222;Kleeblatt&#8220; gewann das&hellip;\n","protected":false},"author":2,"featured_media":181019,"comment_status":"","ping_status":"","sticky":false,"template":"","format":"standard","meta":{"footnotes":"","_share_on_mastodon":"0"},"categories":[18],"tags":[4219,46,42,964,44,45747,109,108,11548],"class_list":["post-181018","post","type-post","status-publish","format-standard","has-post-thumbnail","category-sport","tag-2-bundesliga","tag-at","tag-austria","tag-fussball","tag-oesterreich","tag-rot-weiss-essen","tag-sport","tag-sports","tag-spvgg-greuther-fuerth"],"share_on_mastodon":{"url":"https:\/\/pubeurope.com\/@at\/116643457133574485","error":""},"_links":{"self":[{"href":"https:\/\/www.europesays.com\/at\/wp-json\/wp\/v2\/posts\/181018","targetHints":{"allow":["GET"]}}],"collection":[{"href":"https:\/\/www.europesays.com\/at\/wp-json\/wp\/v2\/posts"}],"about":[{"href":"https:\/\/www.europesays.com\/at\/wp-json\/wp\/v2\/types\/post"}],"author":[{"embeddable":true,"href":"https:\/\/www.europesays.com\/at\/wp-json\/wp\/v2\/users\/2"}],"replies":[{"embeddable":true,"href":"https:\/\/www.europesays.com\/at\/wp-json\/wp\/v2\/comments?post=181018"}],"version-history":[{"count":0,"href":"https:\/\/www.europesays.com\/at\/wp-json\/wp\/v2\/posts\/181018\/revisions"}],"wp:featuredmedia":[{"embeddable":true,"href":"https:\/\/www.europesays.com\/at\/wp-json\/wp\/v2\/media\/181019"}],"wp:attachment":[{"href":"https:\/\/www.europesays.com\/at\/wp-json\/wp\/v2\/media?parent=181018"}],"wp:term":[{"taxonomy":"category","embeddable":true,"href":"https:\/\/www.europesays.com\/at\/wp-json\/wp\/v2\/categories?post=181018"},{"taxonomy":"post_tag","embeddable":true,"href":"https:\/\/www.europesays.com\/at\/wp-json\/wp\/v2\/tags?post=181018"}],"curies":[{"name":"wp","href":"https:\/\/api.w.org\/{rel}","templated":true}]}}