{"id":181078,"date":"2026-05-27T00:20:10","date_gmt":"2026-05-27T00:20:10","guid":{"rendered":"https:\/\/www.europesays.com\/at\/181078\/"},"modified":"2026-05-27T00:20:10","modified_gmt":"2026-05-27T00:20:10","slug":"fuerth-verhindert-absturz-rwe-verpasst-aufstieg","status":"publish","type":"post","link":"https:\/\/www.europesays.com\/at\/181078\/","title":{"rendered":"F\u00fcrth verhindert Absturz &#8211; RWE verpasst Aufstieg"},"content":{"rendered":"<p>Der \u201eewige\u201c Zweitligist hat den Absturz verhindert. Die SpVgg Greuther F\u00fcrth gewann das Relegations-R\u00fcckspiel gegen den Drittligisten Rot-Weiss Essen mit 2:0 (1:0) und sicherte sich mit einiger M\u00fche den Klassenerhalt. Das Hinspiel hatte Traditionsklub RWE noch mit 1:0 gewonnen und deshalb nach schwierigen Jahren mit Abstiegen, Insolvenz und sportlichem Misserfolg von der R\u00fcckkehr in die 2. Liga getr\u00e4umt.<\/p>\n<p>Doch daraus wurde nichts f\u00fcr den Meister von 1955, der zuletzt 2006\/2007 zweitklassig gewesen war. Zweitliga-Torsch\u00fctzenk\u00f6nig Noel Futkeu brachte das Kleeblatt im Ronhof vor 15.000 Zuschauern in F\u00fchrung (29.). Routinier Branimir Hrgota erzielte in seinem letzten Spiel f\u00fcr F\u00fcrth das 2:0 (47.).<\/p>\n<p>F\u00fcrth, das die \u201eewige\u201c Zweitligatabelle souver\u00e4n anf\u00fchrt, vermied so den ersten Abstieg in die Drittklassigkeit seit 1997. M\u00fcnster und D\u00fcsseldorf sind damit die beiden einzigen Absteiger aus der 2. Liga. Osnabr\u00fcck und Cottbus steigen auf.<\/p>\n<p>RWE vergibt Hochkar\u00e4ter<\/p>\n<p>\u201eWir werden All-In gehen\u201c, k\u00fcndigte F\u00fcrths Trainer Heiko Vogel an. Futkeu versprach ein \u201eFeuerwerk\u201c. Doch davon war zun\u00e4chst nichts zu sehen. Die SpVgg tat sich schwer und hatte Gl\u00fcck, dass Torwart Silas Pr\u00fcfrock einen R\u00fcckstand verhinderte.<\/p>\n<p>Fast aus dem Nichts fiel deshalb die F\u00fchrung der Gastgeber, als Futkeu aus dem Gew\u00fchl heraus traf. F\u00fcr den Angreifer, der im Sommer zu Eintracht Frankfurt wechselt, war es bereits der 20. Saisontreffer. In der Folge kam der Zweitligist auf und verdiente sich seine Pausenf\u00fchrung.<\/p>\n<p>Nach dem Wechsel erwischte das Kleeblatt, das sich erst im letzten Saisonspiel durch ein 3:0 gegen D\u00fcsseldorf in die Relegation gerettet hatte, einen Blitzstart. Kurz danach verpassten die Franken die Entscheidung und mussten so noch m\u00e4chtig zittern.\u00a0RWE warf alles nach vorne, Torben M\u00fcsel vergab nach einem Pfostentreffer per Kopf die Riesenchance auf das 1:2 (81.).<\/p>\n<p><a class=\"ad-msg\" href=\"https:\/\/skyx.sky.at\/angebote\/sport?DCMP=bac-SSA-na-Banner_25__1\" target=\"_blank\" rel=\"nofollow noopener\"><img loading=\"lazy\" decoding=\"async\" width=\"900\" height=\"300\" src=\"https:\/\/www.europesays.com\/at\/wp-content\/uploads\/2026\/05\/1779826927_575_SkyX_Traumpass_Sport_03_2025_900x300_25EURO.jpg\" class=\"ad-msg__image ad-msg__image--mobile\" alt=\"Werbung\"  \/><\/a><\/p>\n<p>(SID)\/Beitragsbild: Imago<\/p>\n","protected":false},"excerpt":{"rendered":"Der \u201eewige\u201c Zweitligist hat den Absturz verhindert. Die SpVgg Greuther F\u00fcrth gewann das Relegations-R\u00fcckspiel gegen den Drittligisten Rot-Weiss&hellip;\n","protected":false},"author":2,"featured_media":181079,"comment_status":"","ping_status":"","sticky":false,"template":"","format":"standard","meta":{"footnotes":"","_share_on_mastodon":"0"},"categories":[18],"tags":[16551,46,42,53897,44,45747,109,108],"class_list":["post-181078","post","type-post","status-publish","format-standard","has-post-thumbnail","category-sport","tag-2-deutsche-bundesliga","tag-at","tag-austria","tag-greuther-fuerth","tag-oesterreich","tag-rot-weiss-essen","tag-sport","tag-sports"],"share_on_mastodon":{"url":"https:\/\/pubeurope.com\/@at\/116643681225679841","error":""},"_links":{"self":[{"href":"https:\/\/www.europesays.com\/at\/wp-json\/wp\/v2\/posts\/181078","targetHints":{"allow":["GET"]}}],"collection":[{"href":"https:\/\/www.europesays.com\/at\/wp-json\/wp\/v2\/posts"}],"about":[{"href":"https:\/\/www.europesays.com\/at\/wp-json\/wp\/v2\/types\/post"}],"author":[{"embeddable":true,"href":"https:\/\/www.europesays.com\/at\/wp-json\/wp\/v2\/users\/2"}],"replies":[{"embeddable":true,"href":"https:\/\/www.europesays.com\/at\/wp-json\/wp\/v2\/comments?post=181078"}],"version-history":[{"count":0,"href":"https:\/\/www.europesays.com\/at\/wp-json\/wp\/v2\/posts\/181078\/revisions"}],"wp:featuredmedia":[{"embeddable":true,"href":"https:\/\/www.europesays.com\/at\/wp-json\/wp\/v2\/media\/181079"}],"wp:attachment":[{"href":"https:\/\/www.europesays.com\/at\/wp-json\/wp\/v2\/media?parent=181078"}],"wp:term":[{"taxonomy":"category","embeddable":true,"href":"https:\/\/www.europesays.com\/at\/wp-json\/wp\/v2\/categories?post=181078"},{"taxonomy":"post_tag","embeddable":true,"href":"https:\/\/www.europesays.com\/at\/wp-json\/wp\/v2\/tags?post=181078"}],"curies":[{"name":"wp","href":"https:\/\/api.w.org\/{rel}","templated":true}]}}