{"id":181091,"date":"2026-05-27T00:40:06","date_gmt":"2026-05-27T00:40:06","guid":{"rendered":"https:\/\/www.europesays.com\/at\/181091\/"},"modified":"2026-05-27T00:40:06","modified_gmt":"2026-05-27T00:40:06","slug":"ex-sturm-coach-gelingt-mit-fuerth-in-der-relegation-klassenerhalt","status":"publish","type":"post","link":"https:\/\/www.europesays.com\/at\/181091\/","title":{"rendered":"Ex-Sturm-Coach gelingt mit F\u00fcrth in der Relegation Klassenerhalt"},"content":{"rendered":"<p>Greuther F\u00fcrth gewinnt das Relegations-R\u00fcckspiel gegen Rot-Wei\u00df Essen mit 2:0 und sichert sich nach dem 0:1 aus dem Hinspiel den Verbleib in der 2. deutschen Bundesliga.<\/p>\n<p>In einer ereignisreichen Anfangsphase sind die G\u00e4ste der F\u00fchrung zweimal nahe, doch zun\u00e4chst scheitert Swajkowski an F\u00fcrth-Keeper Pr\u00fcfrock (10.), dann M\u00fcsel per Direktabnahme nach einem Einwurf (13.). Dann setzen die Hausherren mit dem Lattenschuss von Dehm ein kr\u00e4ftiges Lebenszeichen (19.).<\/p>\n<p>Knappe zehn Minuten sp\u00e4ter kommt der Ball \u00fcber Hrgota und Klaus zu Futkeu, der zur umjubelten F\u00fchrung trifft.<\/p>\n<p>Essen bleibt gef\u00e4hrlich, doch das Tor gelingt erneut Greuther F\u00fcrth. Knapp nach der Pause l\u00e4sst Hrgota Abiama mit einer einfachen K\u00f6rpert\u00e4uschung stehen und schlenzt den Ball zum 2:0 ins Tor.<\/p>\n<p>In der Schlussphase werfen die G\u00e4ste alles nach vorne, um die Verl\u00e4ngerung zu erzwingen, doch Pr\u00fcfrock h\u00e4lt den 2:0-Sieg und damit den Liga-Verbleib fest.<\/p>\n<p>Damit spielt Greuther F\u00fcrth mit Ex-Sturm-Trainer Heiko Vogel und Ex-<a href=\"https:\/\/www.laola1.at\/de\/daten\/news\/fussball\/lask\/\" class=\"tag\" rel=\"nofollow noopener\" target=\"_blank\">LASK<\/a>-Kapit\u00e4n <a href=\"https:\/\/www.laola1.at\/de\/daten\/news\/philipp-ziereis\/\" class=\"tag\" rel=\"nofollow noopener\" target=\"_blank\">Philipp Ziereis<\/a> auch in der kommenden Saison zweitklassig.<\/p>\n","protected":false},"excerpt":{"rendered":"Greuther F\u00fcrth gewinnt das Relegations-R\u00fcckspiel gegen Rot-Wei\u00df Essen mit 2:0 und sichert sich nach dem 0:1 aus dem&hellip;\n","protected":false},"author":2,"featured_media":181092,"comment_status":"","ping_status":"","sticky":false,"template":"","format":"standard","meta":{"footnotes":"","_share_on_mastodon":"0"},"categories":[18],"tags":[16551,46,42,55366,1881,964,1880,11550,44,55367,45747,109,108,11548],"class_list":["post-181091","post","type-post","status-publish","format-standard","has-post-thumbnail","category-sport","tag-2-deutsche-bundesliga","tag-at","tag-austria","tag-branimir-hrgota","tag-deutschland-fussball","tag-fussball","tag-fussball-international","tag-heiko-vogel","tag-oesterreich","tag-philipp-ziereis","tag-rot-weiss-essen","tag-sport","tag-sports","tag-spvgg-greuther-fuerth"],"share_on_mastodon":{"url":"https:\/\/pubeurope.com\/@at\/116643759682062479","error":""},"_links":{"self":[{"href":"https:\/\/www.europesays.com\/at\/wp-json\/wp\/v2\/posts\/181091","targetHints":{"allow":["GET"]}}],"collection":[{"href":"https:\/\/www.europesays.com\/at\/wp-json\/wp\/v2\/posts"}],"about":[{"href":"https:\/\/www.europesays.com\/at\/wp-json\/wp\/v2\/types\/post"}],"author":[{"embeddable":true,"href":"https:\/\/www.europesays.com\/at\/wp-json\/wp\/v2\/users\/2"}],"replies":[{"embeddable":true,"href":"https:\/\/www.europesays.com\/at\/wp-json\/wp\/v2\/comments?post=181091"}],"version-history":[{"count":0,"href":"https:\/\/www.europesays.com\/at\/wp-json\/wp\/v2\/posts\/181091\/revisions"}],"wp:featuredmedia":[{"embeddable":true,"href":"https:\/\/www.europesays.com\/at\/wp-json\/wp\/v2\/media\/181092"}],"wp:attachment":[{"href":"https:\/\/www.europesays.com\/at\/wp-json\/wp\/v2\/media?parent=181091"}],"wp:term":[{"taxonomy":"category","embeddable":true,"href":"https:\/\/www.europesays.com\/at\/wp-json\/wp\/v2\/categories?post=181091"},{"taxonomy":"post_tag","embeddable":true,"href":"https:\/\/www.europesays.com\/at\/wp-json\/wp\/v2\/tags?post=181091"}],"curies":[{"name":"wp","href":"https:\/\/api.w.org\/{rel}","templated":true}]}}