{"id":181745,"date":"2026-05-27T09:27:07","date_gmt":"2026-05-27T09:27:07","guid":{"rendered":"https:\/\/www.europesays.com\/at\/181745\/"},"modified":"2026-05-27T09:27:07","modified_gmt":"2026-05-27T09:27:07","slug":"mehr-als-30-tote-israel-fliegt-rund-120-luftangriffe-auf-libanon","status":"publish","type":"post","link":"https:\/\/www.europesays.com\/at\/181745\/","title":{"rendered":"Mehr als 30 Tote: Israel fliegt rund 120 Luftangriffe auf Libanon"},"content":{"rendered":"<p _ngcontent-tt-com-www-c3071245697=\"\" data-cy=\"body\">Beirut \u2013 Israel hat in der Nacht auf Mittwoch den Libanon nach Angaben aus Sicherheitskreisen mit \u00fcber 120 Luftschl\u00e4gen angegriffen. Dies sei eine der schwersten Bombardierungen seit Wochen, hie\u00df es. Bei einem Angriff auf die Stadt Burj el-Shamali im S\u00fcden des Landes wurden der staatlichen Nachrichtenagentur NNA zufolge mindestens zehn Menschen get\u00f6tet. Insgesamt sollen nach Angaben der Regierung in Beirut mehr als 30 Menschen get\u00f6tet und rund 40 verletzt worden sein.<\/p>\n<p _ngcontent-tt-com-www-c3071245697=\"\" data-cy=\"body\">Israels Regierungschef Benjamin Netanyahu hatte Montagabend eine nochmalige Verst\u00e4rkung der Milit\u00e4roffensive gegen die pro-iranische Hisbollah-Miliz im Libanon angek\u00fcndigt. Am Dienstag begann die israelische Armee dann auch mit einer Bodenoffensive n\u00f6rdlich der gelben Linie im S\u00fcden des n\u00f6rdlichen Nachbarlandes. Damit bezeichnet die israelische Armee die Abgrenzung zu einer Art Pufferzone im S\u00fcden des Libanon, die rund zehn Kilometer hinter der Grenze liegt.<\/p>\n<p _ngcontent-tt-com-www-c3071245697=\"\" data-cy=\"body\">Die mit dem Iran verb\u00fcndete Hisbollah hatte ihrerseits in den vergangenen Tagen ihre Drohnenangriffe auf Israel ausgeweitet. Die Schiitenmiliz lehnt einen zwischen Israel und dem Libanon unter Vermittlung der USA geschlossenen Waffenstillstand ab, der Mitte April in Kraft trat und eigentlich immer noch gilt. (APA, Reuter, AFP)<\/p>\n","protected":false},"excerpt":{"rendered":"Beirut \u2013 Israel hat in der Nacht auf Mittwoch den Libanon nach Angaben aus Sicherheitskreisen mit \u00fcber 120&hellip;\n","protected":false},"author":2,"featured_media":181746,"comment_status":"","ping_status":"","sticky":false,"template":"","format":"standard","meta":{"footnotes":"","_share_on_mastodon":"0"},"categories":[12],"tags":[5947,1010,750,55534,679,10897,55535,40,41,39,66,65,64],"class_list":["post-181745","post","type-post","status-publish","format-standard","has-post-thumbnail","category-welt","tag-hisbollah","tag-iran","tag-israel","tag-israelische-armee","tag-konflikte","tag-libanon","tag-militaeroffensive","tag-nachrichten","tag-news","tag-schlagzeilen","tag-welt","tag-world","tag-world-news"],"share_on_mastodon":{"url":"https:\/\/pubeurope.com\/@at\/116645832126291734","error":""},"_links":{"self":[{"href":"https:\/\/www.europesays.com\/at\/wp-json\/wp\/v2\/posts\/181745","targetHints":{"allow":["GET"]}}],"collection":[{"href":"https:\/\/www.europesays.com\/at\/wp-json\/wp\/v2\/posts"}],"about":[{"href":"https:\/\/www.europesays.com\/at\/wp-json\/wp\/v2\/types\/post"}],"author":[{"embeddable":true,"href":"https:\/\/www.europesays.com\/at\/wp-json\/wp\/v2\/users\/2"}],"replies":[{"embeddable":true,"href":"https:\/\/www.europesays.com\/at\/wp-json\/wp\/v2\/comments?post=181745"}],"version-history":[{"count":0,"href":"https:\/\/www.europesays.com\/at\/wp-json\/wp\/v2\/posts\/181745\/revisions"}],"wp:featuredmedia":[{"embeddable":true,"href":"https:\/\/www.europesays.com\/at\/wp-json\/wp\/v2\/media\/181746"}],"wp:attachment":[{"href":"https:\/\/www.europesays.com\/at\/wp-json\/wp\/v2\/media?parent=181745"}],"wp:term":[{"taxonomy":"category","embeddable":true,"href":"https:\/\/www.europesays.com\/at\/wp-json\/wp\/v2\/categories?post=181745"},{"taxonomy":"post_tag","embeddable":true,"href":"https:\/\/www.europesays.com\/at\/wp-json\/wp\/v2\/tags?post=181745"}],"curies":[{"name":"wp","href":"https:\/\/api.w.org\/{rel}","templated":true}]}}