{"id":182552,"date":"2026-05-27T17:21:09","date_gmt":"2026-05-27T17:21:09","guid":{"rendered":"https:\/\/www.europesays.com\/at\/182552\/"},"modified":"2026-05-27T17:21:09","modified_gmt":"2026-05-27T17:21:09","slug":"graz-und-kac-in-chl-gegen-schweizer-und-deutschen-meister","status":"publish","type":"post","link":"https:\/\/www.europesays.com\/at\/182552\/","title":{"rendered":"Graz und KAC in CHL gegen Schweizer und deutschen Meister"},"content":{"rendered":"<p>win2day ICE Hockey League<\/p>\n<p>\n\t\t\t27.05.2026, 17:50\n\t\t\t\t\t\t\t\t<\/p>\n<p>Eishockey-Meister Graz, der KAC und Salzburg bekommen es in der Champions Hockey League u.a. mit den Meistern aus der Schweiz und Deutschland zu tun. Wie die Auslosung am Mittwoch in Z\u00fcrich ergab, bestreitet der ICE-Champion Heimspiele gegen Fribourg-Gotteron, SaiPa Lappeenranta aus Finnland und die Bordeaux Boxers. Ausw\u00e4rts gastieren die 99ers beim deutschen Meister Eisb\u00e4ren Berlin, Bili Tygri Liberec aus Tschechien und Storhamar Hockey aus Norwegen.<\/p>\n<p>Die Klagenfurter sind ebenfalls in Berlin im Einsatz, au\u00dferdem reisen sie noch zu den K\u00f6lner Haien und ebenfalls nach Hamar. Daheim spielt der KAC gegen Fribourg-Gotteron, KooKoo Kouvola aus Finnland und Bordeaux. Mit Salzburg ist noch ein dritter heimischer Vertreter in der CHL dabei. Die \u201eBullen\u201c sind gegen die Eisb\u00e4ren Berlin zu Hause im Einsatz. Auch K\u00f6ln und Liberec reisen nach Salzburg. Ausw\u00e4rts sind die Salzburger durchgehend in Schweden im Einsatz. Der schwedische Meister Skelleftea AIK, die V\u00e4xj\u00f6 Lakers und R\u00f6gle BK sind die Gegner.<\/p>\n<p>Die 16 besten der insgesamt 24 Teams qualifizieren sich f\u00fcr das Play-off-Achtelfinale. Gestartet wird die Vorrunde am 3. September. Die CHL wird den genauen Spielplan erst fixieren.<\/p>\n<p><a class=\"ad-msg\" href=\"https:\/\/skyx.sky.at\/angebote\/sport?DCMP=bac-SSA-na-Banner_25__1\" target=\"_blank\" rel=\"nofollow noopener\"><img loading=\"lazy\" decoding=\"async\" width=\"900\" height=\"300\" src=\"https:\/\/www.europesays.com\/at\/wp-content\/uploads\/2026\/05\/1779878769_278_SkyX_Traumpass_Sport_03_2025_900x300_25EURO.jpg\" class=\"ad-msg__image ad-msg__image--mobile\" alt=\"Werbung\"  \/><\/a><\/p>\n<p>(APA)\/Beitragsbild: GEPA<\/p>\n","protected":false},"excerpt":{"rendered":"win2day ICE Hockey League 27.05.2026, 17:50 Eishockey-Meister Graz, der KAC und Salzburg bekommen es in der Champions Hockey&hellip;\n","protected":false},"author":2,"featured_media":182553,"comment_status":"","ping_status":"","sticky":false,"template":"","format":"standard","meta":{"footnotes":"","_share_on_mastodon":"0"},"categories":[18],"tags":[46,42,55729,8705,55730,44,109,108],"class_list":["post-182552","post","type-post","status-publish","format-standard","has-post-thumbnail","category-sport","tag-at","tag-austria","tag-chl","tag-ice-hockey-league","tag-kac-graz-salzburg","tag-oesterreich","tag-sport","tag-sports"],"share_on_mastodon":{"url":"https:\/\/pubeurope.com\/@at\/116647696146780454","error":""},"_links":{"self":[{"href":"https:\/\/www.europesays.com\/at\/wp-json\/wp\/v2\/posts\/182552","targetHints":{"allow":["GET"]}}],"collection":[{"href":"https:\/\/www.europesays.com\/at\/wp-json\/wp\/v2\/posts"}],"about":[{"href":"https:\/\/www.europesays.com\/at\/wp-json\/wp\/v2\/types\/post"}],"author":[{"embeddable":true,"href":"https:\/\/www.europesays.com\/at\/wp-json\/wp\/v2\/users\/2"}],"replies":[{"embeddable":true,"href":"https:\/\/www.europesays.com\/at\/wp-json\/wp\/v2\/comments?post=182552"}],"version-history":[{"count":0,"href":"https:\/\/www.europesays.com\/at\/wp-json\/wp\/v2\/posts\/182552\/revisions"}],"wp:featuredmedia":[{"embeddable":true,"href":"https:\/\/www.europesays.com\/at\/wp-json\/wp\/v2\/media\/182553"}],"wp:attachment":[{"href":"https:\/\/www.europesays.com\/at\/wp-json\/wp\/v2\/media?parent=182552"}],"wp:term":[{"taxonomy":"category","embeddable":true,"href":"https:\/\/www.europesays.com\/at\/wp-json\/wp\/v2\/categories?post=182552"},{"taxonomy":"post_tag","embeddable":true,"href":"https:\/\/www.europesays.com\/at\/wp-json\/wp\/v2\/tags?post=182552"}],"curies":[{"name":"wp","href":"https:\/\/api.w.org\/{rel}","templated":true}]}}