{"id":183253,"date":"2026-05-28T02:01:17","date_gmt":"2026-05-28T02:01:17","guid":{"rendered":"https:\/\/www.europesays.com\/at\/183253\/"},"modified":"2026-05-28T02:01:17","modified_gmt":"2026-05-28T02:01:17","slug":"duell-zwischen-futkeu-huening-sorgt-fuerverstimmung-nach-relegation","status":"publish","type":"post","link":"https:\/\/www.europesays.com\/at\/183253\/","title":{"rendered":"Duell zwischen Futkeu &#038; H\u00fcning sorgt f\u00fcrVerstimmung nach Relegation"},"content":{"rendered":"<p>\u201eEinfach unsportlich\u201c\u00a0<\/p>\n<p>                                    <img decoding=\"async\" src=\"https:\/\/www.europesays.com\/at\/wp-content\/uploads\/2026\/05\/ben-huning-noel-futkeu-relegation-2026-imago1077917515-1779855021-197849.jpg\" title=\"Duell zwischen Futkeu &amp; H\u00fcning sorgt f\u00fcrVerstimmung nach Relegation\" alt=\"Duell zwischen Futkeu &amp; H\u00fcning sorgt f\u00fcrVerstimmung nach Relegation\"\/><\/p>\n<p>\n                                       \u00a9IMAGO\n                                    <\/p>\n<p>Nach der verlorenen Relegation um die <a title=\"Relegation 2. Bundesliga\" href=\"https:\/\/www.transfermarkt.de\/relegation-2-bundesliga\/startseite\/wettbewerb\/L2PO\" target=\"_blank\" rel=\"nofollow noopener\">2. Bundesliga<\/a> ist Verteidiger <a title=\"Ben H\u00fcning\" href=\"https:\/\/www.transfermarkt.de\/ben-h-ning\/profil\/spieler\/922877\" target=\"_blank\" rel=\"nofollow noopener\">Ben H\u00fcning<\/a> von <a title=\"Rot-Weiss Essen\" href=\"https:\/\/www.transfermarkt.de\/rot-weiss-essen\/startseite\/verein\/56\" target=\"_blank\" rel=\"nofollow noopener\">Rot-Weiss Essen<\/a> richtig ver\u00e4rgert \u00fcber <a title=\"SpVgg Greuther F\u00fcrth\" href=\"https:\/\/www.transfermarkt.de\/spvgg-greuther-f-rth\/startseite\/verein\/65\" target=\"_blank\" rel=\"nofollow noopener\">Greuther F\u00fcrths<\/a> St\u00fcrmer <a title=\"Noel Futkeu\" href=\"https:\/\/www.transfermarkt.de\/noel-futkeu\/profil\/spieler\/675535\" target=\"_blank\" rel=\"nofollow noopener\">Noel Futkeu<\/a>. Die direkten Gegenspieler hatten sich im Hin- und im R\u00fcckspiel knallharte Zweik\u00e4mpfe geliefert. H\u00fcning zufolge provozierte Futkeu allerdings am Dienstagabend nach seinem Treffer zum 1:0 in der 29. Minute unn\u00f6tig. Derweil machten die Fans der F\u00fcrther trotz erfolgreicher Rettung ihrem Unmut \u00fcber die verkorkste Spielzeit noch einmal deutlich Luft.<\/p>\n<p><\/p>\n<p>\u201eF\u00fcr mich komplett daneben, komplett l\u00e4cherlich, das geht einfach nicht\u201c, schimpfte H\u00fcning beim TV-Sender \u201eSky\u201c \u00fcber den Zweitligatorsch\u00fctzenk\u00f6nig. \u201eEs ist einfach unsportlich.\u201c Gegenseitiger Respekt sei im Fu\u00dfball \u201eimmer n\u00f6tig und wichtig.\u201c Futkeu hatte nach seinem F\u00fchrungstreffer beim 2:0 H\u00fcning wohl etwas entgegengerufen, anschlie\u00dfend war er an der Essener Bank entlanggelaufen. \u201eWir haben uns ein super Duell, ein hartes Duell geliefert\u201c, befand H\u00fcning dennoch, der aber alles Weitere von Futkeu als verfehlt auffasste.<\/p>\n<p>Futkeu \u00fcber H\u00fcning: \u201eEr wei\u00df genau, was er im Hinspiel gemacht hat\u201c<\/p>\n<p>Der St\u00fcrmer, der nun zu Eintracht Frankfurt wechselt, wollte lieber nicht zu viel \u00fcber seinen Kontrahenten sagen. \u201eIch gehe nicht auf ihn ein, m\u00f6chte ich nicht. Wir haben gewonnen, Klassenerhalt, fertig\u201c, meinte Futkeu. \u201eEr wei\u00df genau, was er im Hinspiel gemacht hat. Die wissen genau, was sie im Hinspiel gemacht haben. Mehr brauche ich nicht sagen.\u201c<\/p>\n<p>Nicht zuletzt das R\u00fcckspiel war am Ende extrem hitzig. Nach dem Schlusspfiff gab es auch noch eine Rudelbildung unter anderen um den Essener <a title=\"Ruben Reisig\" href=\"https:\/\/www.transfermarkt.de\/ruben-reisig\/profil\/spieler\/318379\" target=\"_blank\" rel=\"nofollow noopener\">Ruben Reisig<\/a>. Der herbei gelaufene fr\u00fchere F\u00fcrther <a title=\"Dickson Abiama\" href=\"https:\/\/www.transfermarkt.de\/dickson-abiama\/profil\/spieler\/596813\" target=\"_blank\" rel=\"nofollow noopener\">Dickson Abiama<\/a> stie\u00df dann auch noch Kleeblatt-Profi <a title=\"Paul Will\" href=\"https:\/\/www.transfermarkt.de\/paul-will\/profil\/spieler\/356640\" target=\"_blank\" rel=\"nofollow noopener\">Paul Will<\/a>, der zu Boden fiel. Bei den Essenern blieb viel Frust, einige Spieler vergossen sogar Tr\u00e4nen. <a href=\"https:\/\/www.transfermarkt.de\/futkeu-hrgota-amp-prufrock-retten-further-klassenerhalt-rwe-scheitert-nach-hinspielsieg\/view\/news\/480038\" target=\"_blank\" rel=\"nofollow noopener\">Nach dem 1:0 im Hinspiel verpassten sie den Sprung in die 2. Bundesliga nach 19 Jahren \u2013 obwohl sie beste Chancen hatten<\/a>.<\/p>\n<p><\/p>\n<p>H\u00fcning, der Essen auf den letzten Dr\u00fccker erst in die Relegation geschossen hatte, f\u00fchlte sich am Ende \u201ekomplett leer\u201c. Torwart <a title=\"Jakob Golz\" href=\"https:\/\/www.transfermarkt.de\/jakob-golz\/profil\/spieler\/288650\" target=\"_blank\" rel=\"nofollow noopener\">Jakob Golz<\/a> r\u00e4umte ein: \u201eEs tut unfassbar weh.\u201c Trainer <a title=\"Uwe Koschinat\" href=\"https:\/\/www.transfermarkt.de\/uwe-koschinat\/profil\/trainer\/4688\" target=\"_blank\" rel=\"nofollow noopener\">Uwe Koschinat<\/a> empfand aber auch viel Stolz: \u201eRWE hat Eindruck in Deutschland hinterlassen. Das bleibt irgendwann, wenn der Schmerz vorbei ist.\u201c<\/p>\n<p>\nF\u00fcrther Fans sauer: \u201eVersager raus! Neuanfang jetzt!\u201c<\/p>\n<p>\u00dcber den gerade noch abgewendeten Totalschaden waren die Fans der SpVgg Greuther F\u00fcrth nat\u00fcrlich h\u00f6chst erfreut. Ihr Urteil nach einer missratenen Saison der Franken in der 2. Bundesliga fiel nach der glimpflich verlaufenen Relegation dennoch unmissverst\u00e4ndlich aus. \u201eAuf dem Platz und in den Gremien: Versager raus! Neuanfang jetzt!\u201c, stand auf einem Banner vor der Kurve der gl\u00fchendsten F\u00fcrther Anh\u00e4nger. Immer wieder wurde auch lautstark das Aus von Gesch\u00e4ftsf\u00fchrer <a title=\"Holger Schwiewagner\" href=\"https:\/\/www.transfermarkt.de\/holger-schwiewagner\/profil\/trainer\/24242\" target=\"_blank\" rel=\"nofollow noopener\">Holger Schwiewagner<\/a> gefordert.<\/p>\n<p><\/p>\n<p>\u201eIch kann den Frust von Fans nachvollziehen\u201c, sagte der sichtlich mitgenommene Trainer <a title=\"Heiko Vogel\" href=\"https:\/\/www.transfermarkt.de\/heiko-vogel\/profil\/trainer\/5973\" target=\"_blank\" rel=\"nofollow noopener\">Heiko Vogel<\/a> nach der Rettung \u00fcber das Plakat. \u201eIch glaube, dass der Verein das schon im Vorfeld wahrgenommen hat. Wir wissen, dass wir Hausaufgaben haben. Es bedarf viel Arbeit und Analyse. Man kann sich sicher sein, dass wir das auch machen.\u201c<\/p>\n<p><\/p>\n<p>Der Abschied der beiden Paradest\u00fcrmer, die auch beide gegen Essen im R\u00fcckspiel trafen, steht schon fest. Noel Futkeu kehrt nach zwei Jahren zu Eintracht Frankfurt zur\u00fcck, Kapit\u00e4n <a title=\"Branimir Hrgota\" href=\"https:\/\/www.transfermarkt.de\/branimir-hrgota\/profil\/spieler\/171209\" target=\"_blank\" rel=\"nofollow noopener\">Branimir Hrgota<\/a> sucht nach sieben Jahren in F\u00fcrth eine neue Herausforderung. Das Duo wird schwer zu ersetzen sein. \u201eIch habe mich brutalst \u00fcber die zwei Tore gefreut. Nach dem Spiel wird einem bewusst: Oh, hoppala, das sind die zwei letzten Tore, die sie f\u00fcr dich schie\u00dfen. Neben der Erleichterung wegen der geschafften Relegation ist da auch Wehmut\u201c, so Vogel.<\/p>\n<p>Auf die SpVgg Greuther F\u00fcrth wartet in der Sommerpause eine Menge Arbeit. Der Kader muss umgebaut werden. Nach den gescheiterten Experimenten mit Leonhard Haas, Jan Siewert und Thomas Kleine soll in Vogel endlich mal wieder ein Trainer l\u00e4ngerfristig in F\u00fcrth arbeiten.<\/p>\n<p><\/p>\n<p>\n                                        Hinweis:<br \/>\n                                        Wenn du etwas googelst, bekommst du neben den normalen Ergebnissen auch eine Box mit aktuellen News angezeigt. Wenn du Transfermarkt als bevorzugte Quelle hinterlegst, tauchen unsere Inhalte dort h\u00e4ufiger f\u00fcr dich auf.<br \/>\n                                        <a href=\"https:\/\/www.google.com\/preferences\/source?q=transfermarkt.de\" target=\"_blank\" rel=\"noopener noreferrer nofollow\" onclick=\"tmEvent(&#039;news&#039;,&#039;click&#039;,&#039;google-preferences&#039;);&#010;\"><br \/>\n                                            F\u00fcge Transfermarkt hier als bevorzugte Quelle hinzu.                                        <\/a>\n                                    <\/p>\n","protected":false},"excerpt":{"rendered":"\u201eEinfach unsportlich\u201c\u00a0 \u00a9IMAGO Nach der verlorenen Relegation um die 2. Bundesliga ist Verteidiger Ben H\u00fcning von Rot-Weiss Essen&hellip;\n","protected":false},"author":2,"featured_media":183254,"comment_status":"","ping_status":"","sticky":false,"template":"","format":"standard","meta":{"footnotes":"","_share_on_mastodon":"0"},"categories":[18],"tags":[46,42,55883,55366,11550,55889,55887,55884,44,55886,55882,45747,55885,109,108,11548,55888],"class_list":["post-183253","post","type-post","status-publish","format-standard","has-post-thumbnail","category-sport","tag-at","tag-austria","tag-ben-huening","tag-branimir-hrgota","tag-heiko-vogel","tag-holger-schwiewagner","tag-jakob-golz","tag-noel-futkeu","tag-oesterreich","tag-paul-will","tag-relegation-2-bundesliga","tag-rot-weiss-essen","tag-ruben-reisig","tag-sport","tag-sports","tag-spvgg-greuther-fuerth","tag-uwe-koschinat"],"share_on_mastodon":{"url":"https:\/\/pubeurope.com\/@at\/116649740523715702","error":""},"_links":{"self":[{"href":"https:\/\/www.europesays.com\/at\/wp-json\/wp\/v2\/posts\/183253","targetHints":{"allow":["GET"]}}],"collection":[{"href":"https:\/\/www.europesays.com\/at\/wp-json\/wp\/v2\/posts"}],"about":[{"href":"https:\/\/www.europesays.com\/at\/wp-json\/wp\/v2\/types\/post"}],"author":[{"embeddable":true,"href":"https:\/\/www.europesays.com\/at\/wp-json\/wp\/v2\/users\/2"}],"replies":[{"embeddable":true,"href":"https:\/\/www.europesays.com\/at\/wp-json\/wp\/v2\/comments?post=183253"}],"version-history":[{"count":0,"href":"https:\/\/www.europesays.com\/at\/wp-json\/wp\/v2\/posts\/183253\/revisions"}],"wp:featuredmedia":[{"embeddable":true,"href":"https:\/\/www.europesays.com\/at\/wp-json\/wp\/v2\/media\/183254"}],"wp:attachment":[{"href":"https:\/\/www.europesays.com\/at\/wp-json\/wp\/v2\/media?parent=183253"}],"wp:term":[{"taxonomy":"category","embeddable":true,"href":"https:\/\/www.europesays.com\/at\/wp-json\/wp\/v2\/categories?post=183253"},{"taxonomy":"post_tag","embeddable":true,"href":"https:\/\/www.europesays.com\/at\/wp-json\/wp\/v2\/tags?post=183253"}],"curies":[{"name":"wp","href":"https:\/\/api.w.org\/{rel}","templated":true}]}}