{"id":185044,"date":"2026-05-28T21:53:10","date_gmt":"2026-05-28T21:53:10","guid":{"rendered":"https:\/\/www.europesays.com\/at\/185044\/"},"modified":"2026-05-28T21:53:10","modified_gmt":"2026-05-28T21:53:10","slug":"sky-info-sk-rapid-sichert-sich-u17-wm-helden","status":"publish","type":"post","link":"https:\/\/www.europesays.com\/at\/185044\/","title":{"rendered":"Sky-Info: SK Rapid sichert sich U17-WM-Helden"},"content":{"rendered":"<p>Der <a href=\"https:\/\/www.skysportaustria.at\/fussball\/admiral-bundesliga\/sk-rapid\/\" rel=\"nofollow noopener\" target=\"_blank\">SK Rapid<\/a> steht nach Sky-Informationen kurz vor der Verpflichtung von \u00d6sterreichs U17-Vizeweltmeister Nicolas Jozepovic.<\/p>\n<p>Damit setzen sich die H\u00fctteldorfer im Rennen um das 18-j\u00e4hrige St\u00fcrmertalent vom FC Red Bull Salzburg gegen nationale und internationale Konkurrenz durch. Der Shootingstar soll nach Sky-Informationen zeitnah einen langfristigen Vertrag beim SK Rapid unterschreiben.<\/p>\n<p>Der geb\u00fcrtige Wiener gilt als eines der spannendsten \u00f6sterreichischen Offensivtalente. Speziell aufgrund der starken Leistungen bei der U17-WM in Katar 2025 mit zwei Treffern sowie drei Assists gab es zuletzt gro\u00dfes Interesse aus dem In- und Ausland. Sp\u00e4testens beim 4:0-Sieg der U17 unter Hermann Stadler gegen England im WM-Achtelfinale, als Nicolas Jozepovic drei Assists beisteuerte, ging der Stern des nunmehrigen U19-Teamspielers beim \u00fcberraschenden Vizeweltmeistertitel in Katar endg\u00fcltig auf.<\/p>\n<p dir=\"ltr\" lang=\"de\">\ud83d\udea8 EXKL. | SK Rapid gewinnt Rennen um U17-Vizeweltmeister Nicolas <a href=\"https:\/\/x.com\/hashtag\/Jozepovic?src=hash&amp;ref_src=twsrc%5Etfw\" rel=\"nofollow\">#Jozepovic<\/a> (ST\/18) vom FC Red Bull Salzburg. Gro\u00dfes Interesse aus In-und Ausland. Perspektive bei <a href=\"https:\/\/x.com\/hashtag\/skrapid?src=hash&amp;ref_src=twsrc%5Etfw\" rel=\"nofollow\">#skrapid<\/a> als entscheidender Faktor. 2 G + 3 A bei <a href=\"https:\/\/x.com\/hashtag\/FIFAU17?src=hash&amp;ref_src=twsrc%5Etfw\" rel=\"nofollow\">#FIFAU17<\/a> in Katar. Langfristiger Vertrag. <a href=\"https:\/\/x.com\/SkySportAustria?ref_src=twsrc%5Etfw\" rel=\"nofollow\">@SkySportAustria<\/a> <a href=\"https:\/\/t.co\/bvMII2PIS5\" rel=\"nofollow\">pic.twitter.com\/bvMII2PIS5<\/a><\/p>\n<p>\u2014 Eric Niederseer (@Transferic_Sky) <a href=\"https:\/\/x.com\/Transferic_Sky\/status\/2060028710363820165?ref_src=twsrc%5Etfw\" rel=\"nofollow\">May 28, 2026<\/a><\/p>\n<p>HIGHLIGHTS | Neuseeland \u2013 \u00d6sterreich | 3. Gruppenspiel U17-WM (Jozepovic-Treffer ab 0:12)<\/p>\n<p>Perspektive beim SK Rapid als entscheidender Faktor<\/p>\n<p>Ausschlaggebend f\u00fcr Jozepovic sollen vor allem die Gespr\u00e4che mit Gesch\u00e4ftsf\u00fchrer Sport Markus Katzer und Trainer Johannes Hoff Thorup sowie deren aufgezeigte Perspektive in H\u00fctteldorf gewesen sein. So soll der St\u00fcrmer die Sommervorbereitung mit den Profis absolvieren.\u00a0In H\u00fctteldorf sieht man in Jozepovic einen Spieler mit gro\u00dfem Entwicklungspotenzial f\u00fcr den Profibereich. Die offizielle Verk\u00fcndung d\u00fcrfte nach Sky-Informationen zeitnah erfolgen.<\/p>\n<p>Jozepovic erzielte f\u00fcr den U18-Meister aus Salzburg in 18 Spielen 12 Tore und f\u00fchrt damit auch die Torj\u00e4gerliste in \u00d6sterreich an. Insgesamt steuerte der 1,84 m gro\u00dfe Angreifer Jozepovic in 59 Spielen f\u00fcr die U18- sowie U16-Akademie der Roten Bullen 31 Treffer bei.<\/p>\n<p><a class=\"ad-msg\" href=\"https:\/\/skyx.sky.at\/angebote\/sport?DCMP=bac-SSA-na-Banner_25__1\" target=\"_blank\" rel=\"nofollow noopener\"><img loading=\"lazy\" decoding=\"async\" width=\"900\" height=\"300\" src=\"https:\/\/www.europesays.com\/at\/wp-content\/uploads\/2026\/05\/1779989948_676_SkyX_Traumpass_Sport_03_2025_900x300_25EURO.jpg\" class=\"ad-msg__image ad-msg__image--mobile\" alt=\"Werbung\"  \/><\/a><\/p>\n<p>Beitragsbild: GEPA<\/p>\n<p>\t<script async src=\"https:\/\/platform.twitter.com\/widgets.js\" charset=\"utf-8\"><\/script><\/p>\n","protected":false},"excerpt":{"rendered":"Der SK Rapid steht nach Sky-Informationen kurz vor der Verpflichtung von \u00d6sterreichs U17-Vizeweltmeister Nicolas Jozepovic. Damit setzen sich&hellip;\n","protected":false},"author":2,"featured_media":185045,"comment_status":"","ping_status":"","sticky":false,"template":"","format":"standard","meta":{"footnotes":"","_share_on_mastodon":"0"},"categories":[8],"tags":[56253,40,41,39,969,36074,38,9986],"class_list":["post-185044","post","type-post","status-publish","format-standard","has-post-thumbnail","category-nachrichten","tag-jozepovic","tag-nachrichten","tag-news","tag-schlagzeilen","tag-sk-rapid","tag-sky-info","tag-top-meldungen","tag-transfer"],"share_on_mastodon":{"url":"https:\/\/pubeurope.com\/@at\/116654427729363861","error":""},"_links":{"self":[{"href":"https:\/\/www.europesays.com\/at\/wp-json\/wp\/v2\/posts\/185044","targetHints":{"allow":["GET"]}}],"collection":[{"href":"https:\/\/www.europesays.com\/at\/wp-json\/wp\/v2\/posts"}],"about":[{"href":"https:\/\/www.europesays.com\/at\/wp-json\/wp\/v2\/types\/post"}],"author":[{"embeddable":true,"href":"https:\/\/www.europesays.com\/at\/wp-json\/wp\/v2\/users\/2"}],"replies":[{"embeddable":true,"href":"https:\/\/www.europesays.com\/at\/wp-json\/wp\/v2\/comments?post=185044"}],"version-history":[{"count":0,"href":"https:\/\/www.europesays.com\/at\/wp-json\/wp\/v2\/posts\/185044\/revisions"}],"wp:featuredmedia":[{"embeddable":true,"href":"https:\/\/www.europesays.com\/at\/wp-json\/wp\/v2\/media\/185045"}],"wp:attachment":[{"href":"https:\/\/www.europesays.com\/at\/wp-json\/wp\/v2\/media?parent=185044"}],"wp:term":[{"taxonomy":"category","embeddable":true,"href":"https:\/\/www.europesays.com\/at\/wp-json\/wp\/v2\/categories?post=185044"},{"taxonomy":"post_tag","embeddable":true,"href":"https:\/\/www.europesays.com\/at\/wp-json\/wp\/v2\/tags?post=185044"}],"curies":[{"name":"wp","href":"https:\/\/api.w.org\/{rel}","templated":true}]}}