{"id":185046,"date":"2026-05-28T21:55:17","date_gmt":"2026-05-28T21:55:17","guid":{"rendered":"https:\/\/www.europesays.com\/at\/185046\/"},"modified":"2026-05-28T21:55:17","modified_gmt":"2026-05-28T21:55:17","slug":"festspielwein-aus-gols-der-allacher-traegt-in-salzburg-zartes-rosa","status":"publish","type":"post","link":"https:\/\/www.europesays.com\/at\/185046\/","title":{"rendered":"Festspielwein aus Gols &#8211; Der Allacher tr\u00e4gt in Salzburg zartes Rosa"},"content":{"rendered":"<p>Helles Altrosa, Pinktouch, Silberreflexe. Zart nach Johannisbeeren und Limettenzesten, dezente Kr\u00e4uterw\u00fcrze, ein Hauch von Himbeeren. Saftig, elegant, rote Frucht, zarte S\u00fc\u00dfe, frisch und mineralisch, vielseitig einsetzbar \u2013 So beschreibt Peter Moser von Falstaff den Ros\u00e9 2025 vom Weingut Allacher Vinum Pannonia aus Gols. Der edle Tropfen hat es dank seines Geschmacks bis zu den Salzburger Festspielen geschafft. Zum ersten Mal wurde er bei den Pfingstfestspielen ausgeschenkt, bei denen auch Janine und Michael Allacher dabei waren, um ihren Ros\u00e9 zu pr\u00e4sentieren.<\/p>\n","protected":false},"excerpt":{"rendered":"Helles Altrosa, Pinktouch, Silberreflexe. Zart nach Johannisbeeren und Limettenzesten, dezente Kr\u00e4uterw\u00fcrze, ein Hauch von Himbeeren. Saftig, elegant, rote&hellip;\n","protected":false},"author":2,"featured_media":185047,"comment_status":"","ping_status":"","sticky":false,"template":"","format":"standard","meta":{"footnotes":"","_share_on_mastodon":"0"},"categories":[31],"tags":[56254,46,42,643,9367,56255,56256,44,56257,192],"class_list":["post-185046","post","type-post","status-publish","format-standard","has-post-thumbnail","category-salzburg","tag-allacher-com","tag-at","tag-austria","tag-burgenland","tag-gols","tag-janine","tag-michael-allacher","tag-oesterreich","tag-peter-moser","tag-salzburg"],"share_on_mastodon":{"url":"https:\/\/pubeurope.com\/@at\/116654435624408791","error":""},"_links":{"self":[{"href":"https:\/\/www.europesays.com\/at\/wp-json\/wp\/v2\/posts\/185046","targetHints":{"allow":["GET"]}}],"collection":[{"href":"https:\/\/www.europesays.com\/at\/wp-json\/wp\/v2\/posts"}],"about":[{"href":"https:\/\/www.europesays.com\/at\/wp-json\/wp\/v2\/types\/post"}],"author":[{"embeddable":true,"href":"https:\/\/www.europesays.com\/at\/wp-json\/wp\/v2\/users\/2"}],"replies":[{"embeddable":true,"href":"https:\/\/www.europesays.com\/at\/wp-json\/wp\/v2\/comments?post=185046"}],"version-history":[{"count":0,"href":"https:\/\/www.europesays.com\/at\/wp-json\/wp\/v2\/posts\/185046\/revisions"}],"wp:featuredmedia":[{"embeddable":true,"href":"https:\/\/www.europesays.com\/at\/wp-json\/wp\/v2\/media\/185047"}],"wp:attachment":[{"href":"https:\/\/www.europesays.com\/at\/wp-json\/wp\/v2\/media?parent=185046"}],"wp:term":[{"taxonomy":"category","embeddable":true,"href":"https:\/\/www.europesays.com\/at\/wp-json\/wp\/v2\/categories?post=185046"},{"taxonomy":"post_tag","embeddable":true,"href":"https:\/\/www.europesays.com\/at\/wp-json\/wp\/v2\/tags?post=185046"}],"curies":[{"name":"wp","href":"https:\/\/api.w.org\/{rel}","templated":true}]}}