{"id":185191,"date":"2026-05-29T00:06:08","date_gmt":"2026-05-29T00:06:08","guid":{"rendered":"https:\/\/www.europesays.com\/at\/185191\/"},"modified":"2026-05-29T00:06:08","modified_gmt":"2026-05-29T00:06:08","slug":"winkt-zum-abschied-15-jahre-gefaengnis-fuer-swift-attentaeter-beran-a","status":"publish","type":"post","link":"https:\/\/www.europesays.com\/at\/185191\/","title":{"rendered":"Winkt zum Abschied &#8211; 15 Jahre Gef\u00e4ngnis f\u00fcr Swift-Attent\u00e4ter Beran A.!"},"content":{"rendered":"<p>Der Staatsanwalt fordert indes eine Verurteilung im Sinne der Anklage. \u201eGenau wie gestern in Klagenfurt geht es hier um einen Terroranschlag.\u201c Man muss mutma\u00dflichen zuk\u00fcnftigen T\u00e4tern mit den Strafen Angst machen, man muss ihnen zeigen, dass so etwas Grausames nicht toleriert wird.<\/p>\n<p>Beran A. kommen bei Urteilsverk\u00fcndung Tr\u00e4nen\u00a0<br \/>Bis in die Abendstunden hinein beraten die Geschworenen. Das Resultat: Beran A. ist schuldig der Beitragst\u00e4terschaft zum Anschlag in Mekka durch seinen Freund Hasan E. Und auch zum geplanten Blutbad auf das Konzert von Taylor Swift wird der 21-J\u00e4hrige einstimmig nicht rechtskr\u00e4ftig verurteilt. Beran A. wippt nerv\u00f6s mit seinem Bein, starrt auf seine H\u00e4nde, schnieft immer wieder &#8230;<\/p>\n","protected":false},"excerpt":{"rendered":"Der Staatsanwalt fordert indes eine Verurteilung im Sinne der Anklage. \u201eGenau wie gestern in Klagenfurt geht es hier&hellip;\n","protected":false},"author":2,"featured_media":185192,"comment_status":"","ping_status":"","sticky":false,"template":"","format":"standard","meta":{"footnotes":"","_share_on_mastodon":"0"},"categories":[6],"tags":[26213,56272,46,42,56273,56274,56275,2317,56276,56277,7867,10760,2224,8256,56278,44,7868,43,45,6792,4417,182],"class_list":["post-185191","post","type-post","status-publish","format-standard","has-post-thumbnail","category-oesterreich","tag-anna-mair","tag-arda-k","tag-at","tag-austria","tag-beran","tag-beran-a","tag-dorothea-stella-kaiser","tag-dubai","tag-e","tag-hasan-e","tag-hofmann","tag-istanbul","tag-klagenfurt","tag-mair","tag-mekka","tag-oesterreich","tag-peter-hofmann","tag-republic-of-austria","tag-republik-oesterreich","tag-taylor-swift","tag-us","tag-wien"],"share_on_mastodon":{"url":"https:\/\/pubeurope.com\/@at\/116654950584454735","error":""},"_links":{"self":[{"href":"https:\/\/www.europesays.com\/at\/wp-json\/wp\/v2\/posts\/185191","targetHints":{"allow":["GET"]}}],"collection":[{"href":"https:\/\/www.europesays.com\/at\/wp-json\/wp\/v2\/posts"}],"about":[{"href":"https:\/\/www.europesays.com\/at\/wp-json\/wp\/v2\/types\/post"}],"author":[{"embeddable":true,"href":"https:\/\/www.europesays.com\/at\/wp-json\/wp\/v2\/users\/2"}],"replies":[{"embeddable":true,"href":"https:\/\/www.europesays.com\/at\/wp-json\/wp\/v2\/comments?post=185191"}],"version-history":[{"count":0,"href":"https:\/\/www.europesays.com\/at\/wp-json\/wp\/v2\/posts\/185191\/revisions"}],"wp:featuredmedia":[{"embeddable":true,"href":"https:\/\/www.europesays.com\/at\/wp-json\/wp\/v2\/media\/185192"}],"wp:attachment":[{"href":"https:\/\/www.europesays.com\/at\/wp-json\/wp\/v2\/media?parent=185191"}],"wp:term":[{"taxonomy":"category","embeddable":true,"href":"https:\/\/www.europesays.com\/at\/wp-json\/wp\/v2\/categories?post=185191"},{"taxonomy":"post_tag","embeddable":true,"href":"https:\/\/www.europesays.com\/at\/wp-json\/wp\/v2\/tags?post=185191"}],"curies":[{"name":"wp","href":"https:\/\/api.w.org\/{rel}","templated":true}]}}