{"id":185495,"date":"2026-05-29T05:30:08","date_gmt":"2026-05-29T05:30:08","guid":{"rendered":"https:\/\/www.europesays.com\/at\/185495\/"},"modified":"2026-05-29T05:30:08","modified_gmt":"2026-05-29T05:30:08","slug":"nur-raetsel-und-haeme-jetzt-spotten-sogar-russen-ueber-putins-wunderwaffe-kronen-zeitung-2","status":"publish","type":"post","link":"https:\/\/www.europesays.com\/at\/185495\/","title":{"rendered":"Nur R\u00e4tsel und H\u00e4me &#8211; Jetzt spotten sogar Russen \u00fcber Putins Wunderwaffe &#8211; Kronen Zeitung"},"content":{"rendered":"<p><a href=\"https:\/\/news.google.com\/rss\/articles\/CBMiR0FVX3lxTE9uVVIyelhXeGg2YVl5SUFNb3BoT05EUmVvcXN4VlQwNWJmenNqVzRvYmc1QnZEbm9WSnRjUUtuUEdkT0RaVlFr?oc=5\" target=\"_blank\" rel=\"nofollow noopener\">Nur R\u00e4tsel und H\u00e4me &#8211; Jetzt spotten sogar Russen \u00fcber Putins Wunderwaffe<\/a>&nbsp;&nbsp;Kronen Zeitung<a href=\"https:\/\/news.google.com\/rss\/articles\/CBMiwgFBVV95cUxOajBhalFVcUxKbi1QU2EtUjlyVXRpbzBVeEdaN005UnFQaG9IYkQyd01Sal90eXd3X3VxZnNPTl9ZeGY5b2pvYzZVTVpCemNzN2ZxanNUWmFaWnVRems4N0VMTVl4QW9uTjNSVEpqa0dOWTRqdWtuZTdreDZmYVhiOWl2aUt2WWVfNFBDSml2LW85R3lORlZ3U2Zsd3dFOGNCZ1g4ZmJiMTkxek1DMTUzVlhHdVp4bjhrRDgwbk9Cbl9vdw?oc=5\" target=\"_blank\" rel=\"nofollow noopener\">Die Ukraine hat Putins wunden Punkt getroffen \u2013 nun muss der Westen dranbleiben<\/a>&nbsp;&nbsp;Der Standard<a href=\"https:\/\/news.google.com\/rss\/articles\/CBMidkFVX3lxTFBSMDNXZjM2dU8zbXpfLUZPR3hzUmFHaDBMS1czNFdVTF83c2N6enFjRmgzbTRienUxbkI5NHdJRGxsaVlCUWtTN3A3WG55TWRmUE9ST3BkODJNbUV6bmp5cDZjTFpGSnNpWUJLNllReXFoXzBVZkE?oc=5\" target=\"_blank\" rel=\"nofollow noopener\">Einsch\u00e4tzungen von ARD-Korrespondentin Diettrich zu den russischen Drohungen<\/a>&nbsp;&nbsp;tagesschau.de<a href=\"https:\/\/news.google.com\/rss\/articles\/CBMikgJBVV95cUxNRVdzVlZCWEthVzEtSGZuZ3puRG9iZzk0LWVUNVFuR18zSGEzSVpPb0ZteG1DaWpJNWk4ZjE5SkdsN0VHNDc0bG1KUUdfS1NlZjNsWjQzQU91Ykl2WjZyNHdyYW96Q0JVR2JqZEFFRVpscVlMR2pVMnZNUnBwREs5ZjB5enc3dHFrUG1aRFJtMExQQzZQVm9JaWlINWhJNm1EYVJZT2k5RmstZWs2Y0JiREdmcVZ3OG5zLUlsT0s1OHBxNmptZ2dTWGdpeTNRTlQ2aGxObVhzYmpOUEF3SmVrVDJGTWJmZkNEY3p1RzhLUlhSWlRweTFrYzB2ODJaMmlrUUVwa2QxLXhwcnhXTkVna0Fn?oc=5\" target=\"_blank\" rel=\"nofollow noopener\">\u201eL\u00e4sst von niemandem eine Spur \u00fcbrig\u201c \u2013 Russischer Politiker droht Kiew mit Massenvernichtungswaffe<\/a>&nbsp;&nbsp;WELT<a href=\"https:\/\/news.google.com\/rss\/articles\/CBMivwFBVV95cUxQN0xCaDJNOVZ1UDM3R1JrUm1KSVRFNmZ4TWpTVGdvRzM3Q0tEY3llcmg1WENLNUxIbjV5WEo4OHI4TnpmQWpseDltc0t2U1FFWEZIYktxSDUxTFQzNW53SVJqb2lfXzVPZzUwUVdHT01Za0hvRjc3alhQdVRaRVphU2dfS0Z1RjRkQ1hSRVpJSVhMNllrSWNjNzFrMWxCTG9lRmI4d05ySVI2dlpBelJmNk81Q3c1SElYNGtPUXFRYw?oc=5\" target=\"_blank\" rel=\"nofollow noopener\">Putin h\u00e4lt Oreschnik-Raketen von Kiew fern &#8211; was das \u00fcber Russlands \u201eWunderwaffe\u201c aussagt<\/a>&nbsp;&nbsp;Merkur<\/p>\n","protected":false},"excerpt":{"rendered":"Nur R\u00e4tsel und H\u00e4me &#8211; Jetzt spotten sogar Russen \u00fcber Putins Wunderwaffe&nbsp;&nbsp;Kronen ZeitungDie Ukraine hat Putins wunden Punkt&hellip;\n","protected":false},"author":2,"featured_media":178982,"comment_status":"","ping_status":"","sticky":false,"template":"","format":"standard","meta":{"footnotes":"","_share_on_mastodon":"0"},"categories":[12],"tags":[732,54839,54840,54841,40,41,47642,24240,54842,4413,1963,39,7158,6758,4416,66,2737,65,64],"class_list":["post-185495","post","type-post","status-publish","format-standard","has-post-thumbnail","category-welt","tag-ukraine","tag-alexey-zhiwow","tag-igor-girkin","tag-mykhailo-fedorow","tag-nachrichten","tag-news","tag-nico-lange","tag-putins","tag-romanow","tag-russische","tag-russland","tag-schlagzeilen","tag-telegram","tag-ukrainische","tag-ukrainischen","tag-welt","tag-wolodymyr-selenskyj","tag-world","tag-world-news"],"share_on_mastodon":{"url":"https:\/\/pubeurope.com\/@at\/116656224625132087","error":""},"_links":{"self":[{"href":"https:\/\/www.europesays.com\/at\/wp-json\/wp\/v2\/posts\/185495","targetHints":{"allow":["GET"]}}],"collection":[{"href":"https:\/\/www.europesays.com\/at\/wp-json\/wp\/v2\/posts"}],"about":[{"href":"https:\/\/www.europesays.com\/at\/wp-json\/wp\/v2\/types\/post"}],"author":[{"embeddable":true,"href":"https:\/\/www.europesays.com\/at\/wp-json\/wp\/v2\/users\/2"}],"replies":[{"embeddable":true,"href":"https:\/\/www.europesays.com\/at\/wp-json\/wp\/v2\/comments?post=185495"}],"version-history":[{"count":0,"href":"https:\/\/www.europesays.com\/at\/wp-json\/wp\/v2\/posts\/185495\/revisions"}],"wp:featuredmedia":[{"embeddable":true,"href":"https:\/\/www.europesays.com\/at\/wp-json\/wp\/v2\/media\/178982"}],"wp:attachment":[{"href":"https:\/\/www.europesays.com\/at\/wp-json\/wp\/v2\/media?parent=185495"}],"wp:term":[{"taxonomy":"category","embeddable":true,"href":"https:\/\/www.europesays.com\/at\/wp-json\/wp\/v2\/categories?post=185495"},{"taxonomy":"post_tag","embeddable":true,"href":"https:\/\/www.europesays.com\/at\/wp-json\/wp\/v2\/tags?post=185495"}],"curies":[{"name":"wp","href":"https:\/\/api.w.org\/{rel}","templated":true}]}}