{"id":186684,"date":"2026-05-29T17:35:08","date_gmt":"2026-05-29T17:35:08","guid":{"rendered":"https:\/\/www.europesays.com\/at\/186684\/"},"modified":"2026-05-29T17:35:08","modified_gmt":"2026-05-29T17:35:08","slug":"am-heldenplatz-in-wien-sommerfrische-genuss-musik-und-viel-heimatgefuehl","status":"publish","type":"post","link":"https:\/\/www.europesays.com\/at\/186684\/","title":{"rendered":"Am Heldenplatz in Wien &#8211; Sommerfrische: Genuss, Musik und viel Heimatgef\u00fchl"},"content":{"rendered":"<p>Unter die G\u00e4ste mischten sich zahlreiche bekannte Pers\u00f6nlichkeiten. Mit dabei waren unter anderem Moderatorin Silvia Schneider, \u00d63-Moderatorin Anna Kratki, ORF-Innenpolitikchef Hans B\u00fcrger, ORF-O\u00d6-Landesdirektor Klaus Obereder, \u00d6sterreichs Botschafterin in den USA, Petra Schneebauer, sowie kronehit-Gesch\u00e4ftsf\u00fchrer Philipp K\u00f6nig. Auch Bundeskanzler Christian Stocker schaute vorbei und hatte einen kulinarischen Tipp parat: Den Wein d\u00fcrfe man ruhig spritzen \u2013 \u201eaber nicht zu viel\u201c.<\/p>\n","protected":false},"excerpt":{"rendered":"Unter die G\u00e4ste mischten sich zahlreiche bekannte Pers\u00f6nlichkeiten. Mit dabei waren unter anderem Moderatorin Silvia Schneider, \u00d63-Moderatorin Anna&hellip;\n","protected":false},"author":2,"featured_media":186685,"comment_status":"","ping_status":"","sticky":false,"template":"","format":"standard","meta":{"footnotes":"","_share_on_mastodon":"0"},"categories":[28],"tags":[56572,56573,46,42,1193,56574,276,56575,56576,996,44,56577,49995,3170,2228,181,182],"class_list":["post-186684","post","type-post","status-publish","format-standard","has-post-thumbnail","category-wien","tag-alexandra-halouska","tag-anna-kratki","tag-at","tag-austria","tag-christian-stocker","tag-hans-buerger","tag-oberoesterreich","tag-oberoesterreichs","tag-ooe-sommerfrische-at","tag-orf","tag-oesterreich","tag-petra-schneebauer","tag-philipp-koenig","tag-silvia-schneider","tag-thomas-stelzer","tag-vienna","tag-wien"],"share_on_mastodon":{"url":"https:\/\/pubeurope.com\/@at\/116659075443158416","error":""},"_links":{"self":[{"href":"https:\/\/www.europesays.com\/at\/wp-json\/wp\/v2\/posts\/186684","targetHints":{"allow":["GET"]}}],"collection":[{"href":"https:\/\/www.europesays.com\/at\/wp-json\/wp\/v2\/posts"}],"about":[{"href":"https:\/\/www.europesays.com\/at\/wp-json\/wp\/v2\/types\/post"}],"author":[{"embeddable":true,"href":"https:\/\/www.europesays.com\/at\/wp-json\/wp\/v2\/users\/2"}],"replies":[{"embeddable":true,"href":"https:\/\/www.europesays.com\/at\/wp-json\/wp\/v2\/comments?post=186684"}],"version-history":[{"count":0,"href":"https:\/\/www.europesays.com\/at\/wp-json\/wp\/v2\/posts\/186684\/revisions"}],"wp:featuredmedia":[{"embeddable":true,"href":"https:\/\/www.europesays.com\/at\/wp-json\/wp\/v2\/media\/186685"}],"wp:attachment":[{"href":"https:\/\/www.europesays.com\/at\/wp-json\/wp\/v2\/media?parent=186684"}],"wp:term":[{"taxonomy":"category","embeddable":true,"href":"https:\/\/www.europesays.com\/at\/wp-json\/wp\/v2\/categories?post=186684"},{"taxonomy":"post_tag","embeddable":true,"href":"https:\/\/www.europesays.com\/at\/wp-json\/wp\/v2\/tags?post=186684"}],"curies":[{"name":"wp","href":"https:\/\/api.w.org\/{rel}","templated":true}]}}