{"id":186878,"date":"2026-05-29T19:36:07","date_gmt":"2026-05-29T19:36:07","guid":{"rendered":"https:\/\/www.europesays.com\/at\/186878\/"},"modified":"2026-05-29T19:36:07","modified_gmt":"2026-05-29T19:36:07","slug":"soulfly-live-2026-tour-tickets-termine-staedte","status":"publish","type":"post","link":"https:\/\/www.europesays.com\/at\/186878\/","title":{"rendered":"Soulfly live 2026: Tour, Tickets, Termine, St\u00e4dte"},"content":{"rendered":"<p>Mit der \u201eTribal Technology Tour 2026\u201c bringen <a href=\"https:\/\/www.metal-hammer.de\/artists\/soulfly\/\" rel=\"nofollow noopener\" target=\"_blank\">Soulfly<\/a> ihre unverwechselbare Mischung aus Groove Metal, Tribal-Rhythmen und brachialer Intensit\u00e4t erneut nach Deutschland. Seit mehr als zwei Jahrzehnten z\u00e4hlt die von Max Cavalera gegr\u00fcndete Band zu den wichtigsten und einflussreichsten Namen der internationalen Metal-Szene. Zwischen brasilianischer Spiritualit\u00e4t, kompromissloser H\u00e4rte und politischer Wucht erschaffen Soulfly einen Sound, der Generationen von Fans gepr\u00e4gt hat und bis heute nichts von seiner Dringlichkeit verloren hat.<\/p>\n<p>Empfehlungen der Redaktion<\/p>\n<p> Im Mittelpunkt der aktuellen Tour steht das 13. Studioalbum <a href=\"https:\/\/www.metal-hammer.de\/reviews\/soulfly-chama\/\" rel=\"nofollow noopener\" target=\"_blank\">CHAMA<\/a>, das 2025 \u00fcber Nuclear Blast Records erschien. Das Album gilt als R\u00fcckbesinnung auf die spirituellen und musikalischen Wurzeln der Band und verbindet die rohe Energie fr\u00fcher Soulfly-Ver\u00f6ffentlichungen mit einer modernen Produktion und neuer Dynamik. Produziert wurde Chama von Zyon Cavalera und Arthur Rizk, aufgenommen im Platinum Underground Studio in Arizona. Inhaltlich besch\u00e4ftigt sich das Album mit den spirituellen Kr\u00e4ften indigener Kulturen, dem Leben in den brasilianischen Favelas und der Suche nach innerer St\u00e4rke.<\/p>\n<p><img loading=\"lazy\" decoding=\"async\" class=\"size-large wp-image-2520933 aligncenter\" src=\"https:\/\/www.metal-hammer.de\/wp-content\/uploads\/2026\/05\/29\/13\/soulfly-tour-2026-819x1024.webp\" alt=\"Soulfly_Tour-2026\" width=\"819\" height=\"1024\"  \/><\/p>\n<p>METAL HAMMER pr\u00e4sentiert:<\/p>\n<p>Soulfly \u2013 Tour 2026<\/p>\n<p>03.08. Berlin, Columbia Theater<br \/>\n04.08. Leipzig, Hellraiser<br \/>\n05.08. Bochum, Matrix<br \/>\n11.08. Freiburg, Jazzhaus<br \/>\n21.08. Rostock, M.A.U. Club<br \/>\n31.08. Flensburg, Roxy<\/p>\n<p>Karten zur Tour unter\u00a0<a href=\"http:\/\/www.metal-hammer.de\/tickets\" rel=\"nofollow noopener\" target=\"_blank\">www.metal-hammer.de\/tickets<\/a>. (ab 02.06.2026, 11 Uhr)<\/p>\n<p>\u2014<br \/>Bestens informiert \u00fcber dieses und alle weiteren wichtigen Themen im Metal bleibt ihr au\u00dferdem mit unserem Newsletter. Einmal pro Woche flattert euch \u00fcbersichtlich sortiert ein Update ins Postfach.\u00a0<a href=\"https:\/\/www.metal-hammer.de\/news\/newsletter\/\" target=\"_blank\" rel=\"noopener noreferrer nofollow\">Einfach anmelden<\/a>, damit euch auch sicher nichts entgeht.<\/p>\n","protected":false},"excerpt":{"rendered":"Mit der \u201eTribal Technology Tour 2026\u201c bringen Soulfly ihre unverwechselbare Mischung aus Groove Metal, Tribal-Rhythmen und brachialer Intensit\u00e4t&hellip;\n","protected":false},"author":2,"featured_media":186879,"comment_status":"","ping_status":"","sticky":false,"template":"","format":"standard","meta":{"footnotes":"","_share_on_mastodon":"0"},"categories":[24],"tags":[46,42,147,2973,56619,153,154,44,2974,56620,2975,2976,148],"class_list":["post-186878","post","type-post","status-publish","format-standard","has-post-thumbnail","category-musik","tag-at","tag-austria","tag-entertainment","tag-live","tag-max-cavalera","tag-music","tag-musik","tag-oesterreich","tag-praesentation","tag-soulfly","tag-tour-2026","tag-tournee","tag-unterhaltung"],"share_on_mastodon":{"url":"https:\/\/pubeurope.com\/@at\/116659551645087024","error":""},"_links":{"self":[{"href":"https:\/\/www.europesays.com\/at\/wp-json\/wp\/v2\/posts\/186878","targetHints":{"allow":["GET"]}}],"collection":[{"href":"https:\/\/www.europesays.com\/at\/wp-json\/wp\/v2\/posts"}],"about":[{"href":"https:\/\/www.europesays.com\/at\/wp-json\/wp\/v2\/types\/post"}],"author":[{"embeddable":true,"href":"https:\/\/www.europesays.com\/at\/wp-json\/wp\/v2\/users\/2"}],"replies":[{"embeddable":true,"href":"https:\/\/www.europesays.com\/at\/wp-json\/wp\/v2\/comments?post=186878"}],"version-history":[{"count":0,"href":"https:\/\/www.europesays.com\/at\/wp-json\/wp\/v2\/posts\/186878\/revisions"}],"wp:featuredmedia":[{"embeddable":true,"href":"https:\/\/www.europesays.com\/at\/wp-json\/wp\/v2\/media\/186879"}],"wp:attachment":[{"href":"https:\/\/www.europesays.com\/at\/wp-json\/wp\/v2\/media?parent=186878"}],"wp:term":[{"taxonomy":"category","embeddable":true,"href":"https:\/\/www.europesays.com\/at\/wp-json\/wp\/v2\/categories?post=186878"},{"taxonomy":"post_tag","embeddable":true,"href":"https:\/\/www.europesays.com\/at\/wp-json\/wp\/v2\/tags?post=186878"}],"curies":[{"name":"wp","href":"https:\/\/api.w.org\/{rel}","templated":true}]}}