{"id":187845,"date":"2026-05-30T08:50:13","date_gmt":"2026-05-30T08:50:13","guid":{"rendered":"https:\/\/www.europesays.com\/at\/187845\/"},"modified":"2026-05-30T08:50:13","modified_gmt":"2026-05-30T08:50:13","slug":"katars-plan-glueckt-leid-bleibt-diese-schmutzige-seite-des-psg-triumphs-darf-nicht-vergessen-werden","status":"publish","type":"post","link":"https:\/\/www.europesays.com\/at\/187845\/","title":{"rendered":"Katars Plan gl\u00fcckt, Leid bleibt: Diese schmutzige Seite des PSG-Triumphs darf nicht vergessen werden"},"content":{"rendered":"<p>Katars Plan gl\u00fcckt, Leid bleibtDiese schmutzige Seite des PSG-Triumphs darf nicht vergessen werden30.05.2026, 07:35 Uhr <img decoding=\"async\" class=\"Image_img__fQCi0\" loading=\"eager\" fetchpriority=\"high\" src=\"https:\/\/www.n-tv.de\/autor-fallback.svg\" alt=\"image\"\/>Ein Kommentar von David Bed\u00fcrftig<\/p>\n<p>Artikel anh\u00f6ren(06:19 min)<\/p>\n<p><img decoding=\"async\" class=\"Image_img__fQCi0 Image_Img_16_9__4BLfH widget-picture-inline_maximizable__t_E7h\" loading=\"eager\" fetchpriority=\"high\" src=\"https:\/\/www.europesays.com\/at\/wp-content\/uploads\/2026\/05\/May-6-2026-Munich-Bavaria-Germany-President-NASSER-AL-KHELAIFI-of-PSG-celebrates-after-the-UEFA-Cham.webp\" alt=\"May-6-2026-Munich-Bavaria-Germany-President-NASSER-AL-KHELAIFI-of-PSG-celebrates-after-the-UEFA-Champions-League-2025-26-Semi-final-Leg-2-game-between-Bayern-Munich-and-Paris-Saint-Germain-at-the-Allianz-Arena-in-Munich-Germany-The-game-ended-up-in-a-1-1-draw-and-PSG-won-6-5-on-aggregate-to-advance-to-the-Final\"\/>PSG-Pr\u00e4sident Nasser Al-Khelaifi\u00a0ist Teil des Unrechtsstaates von Katar. (Foto: picture alliance \/ ZUMAPRESS.com)TeilenFolgen auf:<a href=\"https:\/\/www.whatsapp.com\/channel\/0029Va5cdVJD8SDp5YZgYF01\" title=\"Auf WhatsApp folgen\" target=\"_blank\" rel=\"nofollow noopener\"><img decoding=\"async\" src=\"https:\/\/www.n-tv.de\/socialIcons\/whatsapp.svg\" alt=\"whatsapp\" class=\"ArticleShare_icon__FsrC2\"\/><\/a><a href=\"https:\/\/www.google.com\/preferences\/source?q=n-tv.de\" title=\"ntv als bevorzugte Quelle auf Google hinzuf\u00fcgen\" target=\"_blank\" rel=\"nofollow noopener\"><img decoding=\"async\" src=\"https:\/\/www.n-tv.de\/socialIcons\/google.svg\" alt=\"whatsapp\" class=\"ArticleShare_icon__FsrC2\"\/><\/a><\/p>\n<p class=\"Typography_text-m__XI0da Typography_weight-bold__uT6mq storyline_lead_text_leadtext__q_wg8\">PSG brilliert in der Champions League, vielleicht auch im Finale gegen den FC Arsenal. Die Welt ist entz\u00fcckt &#8211; doch die dunkle Seite des Erfolgs bedeutet Leid und Blut. Der Plan von Katars Unrechtsstaat geht voll auf.<\/p>\n<p class=\"Typography_text-default__P3otY Typography_weight-normal__pqUbH storyline_paragraph_p__qSR5N\">Paris Saint-Germain hat eine vielversprechende Chance auf den zweiten Henkelpott in Folge. Nach dem spektakul\u00e4ren Halbfinale gegen den FC Bayern misst sich die franz\u00f6sische \u00dcbermannschaft im K\u00f6nigsklassenendspiel am Abend (18 Uhr\/ZDF und DAZN sowie im Liveticker auf ntv.de) mit dem FC Arsenal um Nationalspieler Kai Havertz.<\/p>\n<p class=\"Typography_text-default__P3otY Typography_weight-normal__pqUbH storyline_paragraph_p__qSR5N\">F\u00fcr PSG ist es das dritte Halbfinale nacheinander, das f\u00fcnfte seit 2020. Drei Finalteilnahmen stehen in diesem Zeitraum zu Buche. Mit einem zweiten Titel in Serie (nur Real Madrid schaffte das in der 1992 eingef\u00fchrten Champions League) d\u00fcrfte man getrost von europ\u00e4ischer Dominanz sprechen, die die Franzosen Real entrissen haben.<\/p>\n<p class=\"Typography_text-default__P3otY Typography_weight-normal__pqUbH storyline_paragraph_p__qSR5N\">Das Spiel der Mannschaft, das mitunter sch\u00f6nste im Weltfu\u00dfball, muss ebenfalls beklatscht werden. Das erste Halbfinale gegen die M\u00fcnchner wurde berechtigterweise als ein historisches Fest gefeiert. Es ist eine Augenweide, wenn die Superdribbler Ousmane Demb\u00e9l\u00e9, Khvicha Kvaratskhelia und D\u00e9sir\u00e9 Dou\u00e9 ihre unversch\u00e4mt genialen Tricks auspacken und Gegenspieler reihenweise mit Albtr\u00e4umen nach Hause schicken. Dazu sind diese Topstars auch noch effizient und schn\u00f6rkellos beim Toreschie\u00dfen, niemand ist in diesem Jahr in der K-.o.-Phase der Champions League an mehr Toren beteiligt als Kvaratskhelia (sieben Treffer, drei Vorlagen). Weiterhin zeigten die Pariser im diesj\u00e4hrigen R\u00fcckspiel in M\u00fcnchen, dass sie auch knallhart und abgebr\u00fcht verteidigen k\u00f6nnen.<\/p>\n<p>Moderne Sklaverei in Katar<\/p>\n<p class=\"Typography_text-default__P3otY Typography_weight-normal__pqUbH storyline_paragraph_p__qSR5N\">Doch bei all diesen Erfolgen und der Bewunderung darf eines nicht vergessen werden: PSG geh\u00f6rt dem Emirat Katar, das f\u00fcr weitreichende Menschenrechtsverletzungen und -verbrechen verantwortlich ist. Seit der katarischen \u00dcbernahme im Jahr 2011 sehnte sich der Unrechtsstaat nach genau dieser Dominanz im wichtigsten Klubwettbewerb der Welt, die die Pariser nun innehaben. Die Sportswashing-Strategie hat funktioniert, die PSG-\u00dcbernahme wie geplant die Soft Power Katars und den geopolitischen Einfluss gest\u00e4rkt. <\/p>\n<p class=\"Typography_text-default__P3otY Typography_weight-normal__pqUbH storyline_paragraph_p__qSR5N\">Und diesen Missbrauch des Fu\u00dfballs, das Reinwaschen durch den Pariser Klub, ben\u00f6tigt das Emirat weiterhin. Die Menschenrechtsorganisationen <a class=\"inline_link\" href=\"https:\/\/www.amnesty.org\/en\/location\/middle-east-and-north-africa\/middle-east\/qatar\/report-qatar\/\" target=\"_blank\" rel=\"nofollow noopener\">Amnesty International<\/a> und <a class=\"inline_link\" href=\"https:\/\/www.hrw.org\/world-report\/2026\/country-chapters\/qatar\" target=\"_blank\" rel=\"nofollow noopener\">Human Rights Watch<\/a> stellen Katar in ihren Jahresberichten 2026 weiterhin ein miserables Zeugnis aus. Etwa gelten strenge Einschr\u00e4nkungen der Meinungs- und Versammlungsfreiheit im gesamten Land und einvernehmliche gleichgeschlechtliche sexuelle Beziehungen stehen weiterhin per Gesetz unter Strafe.<\/p>\n<p class=\"Typography_text-default__P3otY Typography_weight-normal__pqUbH storyline_paragraph_p__qSR5N\">Trotz einiger Rechtsreformen sind Arbeitsmigranten, die 91 Prozent der Bev\u00f6lkerung im Emirat ausmachen, weiterhin mit groben Missst\u00e4nden am Arbeitsplatz konfrontiert, darunter das ausbeuterische Kafala-B\u00fcrgschaftssystem, das als moderne Sklaverei bezeichnet wird. Hausangestellte, vor allem Frauen, erfahren oft harte Arbeitsbedingungen und Misshandlungen, darunter sexuelle \u00dcbergriffe, und verf\u00fcgen \u00fcber nur schwachen Schutz, da sie vom Arbeitsrecht ausgeschlossen bleiben. Frauen und M\u00e4dchen sind im Land ohnehin Diskriminierung in Recht und Praxis ausgesetzt. Vor allem durch ein System der m\u00e4nnlichen Vormundschaft, das ihre Rechte auf Eheschlie\u00dfung, Arbeit, Reisen und Zugang zu reproduktiver Gesundheitsversorgung einschr\u00e4nkt.<\/p>\n<p>PSG-Kritik ebbt ab mit jedem Tor<\/p>\n<p class=\"Typography_text-default__P3otY Typography_weight-normal__pqUbH storyline_paragraph_p__qSR5N\">Anfang Mai will von all dem der m\u00e4chtigste Mann in der Allianz-Arena nach dem Halbfinal-Erfolg gegen die Bayern nichts wissen. PSG-Pr\u00e4sident Nasser Al-Khelaifi ist als Minister in der Regierung von Katar, Direktor des Staatsfonds Qatar Investment Authority (QIA) und Vorsitzender von Qatar Sports Investments (QSI) aber nat\u00fcrlich bestens informiert. <\/p>\n<p class=\"Typography_text-default__P3otY Typography_weight-normal__pqUbH storyline_paragraph_p__qSR5N\">Doch als Al-Khelaifi in M\u00fcnchen auf dem Rasen herumturnt, Handk\u00fcsse ins Publikum wirft und sogar ein Interview mit Bayern-Boss Jan-Christian Dreesen crasht, erf\u00e4hrt er nichts als Liebe. Er spricht von seinen Profis als &#8222;Kriegern&#8220;, will &#8222;Geschichte schreiben&#8220; und erh\u00e4lt beim Interview mit dem US-Sender CBS frenetischen Applaus von den Fu\u00dfball-Legenden Thierry Henry und Jamie Carragher im Studio. Als der PSG-Boss Mitte April nach dem Viertelfinalsieg beim FC Liverpool vor laufenden TV-Kameras vor den Pariser Fans feiert und Selfies macht, kommentiert Experte Christoph Kramer dazu bei Amazon Prime lediglich: &#8222;Ich find&#8217;s irgendwie geil.&#8220;<\/p>\n<p class=\"Typography_text-default__P3otY Typography_weight-normal__pqUbH storyline_paragraph_p__qSR5N\">Mit jedem Tor, mit jedem tollen Dribbling, mit jedem Sieg ebbte in den vergangenen Jahren die Kritik am Konstrukt PSG, das den Fu\u00dfball f\u00fcr \u00fcble Zwecke missbraucht, ab. Heute wird sie \u00fcberhaupt nicht mehr erw\u00e4hnt, ist komplett gebrochen. Selbst Fu\u00dfballromantiker, die PSG den Ruin an den Hals gew\u00fcnscht haben, jubeln weltweit \u00fcber die Superdribbler und den Erfolg der Pariser.<\/p>\n<p class=\"Typography_text-default__P3otY Typography_weight-normal__pqUbH storyline_paragraph_p__qSR5N\">Doch das Leid im Unrechtsstaat, aus dem das gesamte Geld f\u00fcr die Triumphe stammt, es bleibt. Und es darf trotz aller tollen Tore nicht vergessen werden, wenn die M\u00e4chtigen um Al-Khelaifi den Erfolg ihres Plans auf dem R\u00fccken der Schwachen bejubeln.<\/p>\n<p>Erfolg auf dem R\u00fccken der Schwachen<\/p>\n<p class=\"Typography_text-default__P3otY Typography_weight-normal__pqUbH storyline_paragraph_p__qSR5N\">Die Machthaber aus Katar haben das europ\u00e4ische Haus des Fu\u00dfballs erobert. Vielleicht jubeln sie am Abend ein zweites Mal in Folge als K\u00f6nige im alten Kontinent. Nicht mehr obsz\u00f6n und plakativ mit Petro-Milliarden, sondern stillschweigender und nachhaltiger waschen sie ihre Weste mit dem Pariser Klub rein.<\/p>\n<p class=\"Typography_text-default__P3otY Typography_weight-normal__pqUbH storyline_paragraph_p__qSR5N\">PSG steht dank einer spektakul\u00e4ren Saison erneut im Finale der Champions League. Und die Welt klatscht Applaus. Doch im Geldgeber-Emirat gibt es kein Spektakel. In Katar, wo die Machthaber mit einem System der Unterdr\u00fcckung und Ausbeutung auch den Fu\u00dfball beschmutzen. <\/p>\n<p class=\"Typography_text-default__P3otY Typography_weight-normal__pqUbH storyline_paragraph_p__qSR5N\">Dort zaubert niemand wie Demb\u00e9l\u00e9, Kvaratskhelia oder Dou\u00e9. Das darf nicht vergessen werden, wenn heute der Ball rollt. Dort werden stattdessen Arbeitsmigranten nach wie vor als Sklaven behandelt, haben Frauen als Hausangestellte keine rechtlichen Chancen, um sich gegen Misshandlungen zu wehren, und Regimekritiker landen willk\u00fcrlich im Gef\u00e4ngnis. <\/p>\n<p class=\"Typography_text-s__wu_cm Typography_weight-normal__pqUbH Typography_color-darkgrey__sZEnP article-detail-footer_source__KslPc\">Quelle: ntv.de<\/p>\n","protected":false},"excerpt":{"rendered":"Katars Plan gl\u00fcckt, Leid bleibtDiese schmutzige Seite des PSG-Triumphs darf nicht vergessen werden30.05.2026, 07:35 Uhr Ein Kommentar von&hellip;\n","protected":false},"author":2,"featured_media":187846,"comment_status":"","ping_status":"","sticky":false,"template":"","format":"standard","meta":{"footnotes":"","_share_on_mastodon":"0"},"categories":[18],"tags":[32625,46,42,77,56683,964,18078,10934,1518,44,38279,109,108],"class_list":["post-187845","post","type-post","status-publish","format-standard","has-post-thumbnail","category-sport","tag-amnesty-international","tag-at","tag-austria","tag-champions-league","tag-fc-arsenal-london","tag-fussball","tag-human-rights-watch","tag-katar","tag-menschenrechte","tag-oesterreich","tag-paris-st-germain","tag-sport","tag-sports"],"share_on_mastodon":{"url":"https:\/\/pubeurope.com\/@at\/116662673845033375","error":""},"_links":{"self":[{"href":"https:\/\/www.europesays.com\/at\/wp-json\/wp\/v2\/posts\/187845","targetHints":{"allow":["GET"]}}],"collection":[{"href":"https:\/\/www.europesays.com\/at\/wp-json\/wp\/v2\/posts"}],"about":[{"href":"https:\/\/www.europesays.com\/at\/wp-json\/wp\/v2\/types\/post"}],"author":[{"embeddable":true,"href":"https:\/\/www.europesays.com\/at\/wp-json\/wp\/v2\/users\/2"}],"replies":[{"embeddable":true,"href":"https:\/\/www.europesays.com\/at\/wp-json\/wp\/v2\/comments?post=187845"}],"version-history":[{"count":0,"href":"https:\/\/www.europesays.com\/at\/wp-json\/wp\/v2\/posts\/187845\/revisions"}],"wp:featuredmedia":[{"embeddable":true,"href":"https:\/\/www.europesays.com\/at\/wp-json\/wp\/v2\/media\/187846"}],"wp:attachment":[{"href":"https:\/\/www.europesays.com\/at\/wp-json\/wp\/v2\/media?parent=187845"}],"wp:term":[{"taxonomy":"category","embeddable":true,"href":"https:\/\/www.europesays.com\/at\/wp-json\/wp\/v2\/categories?post=187845"},{"taxonomy":"post_tag","embeddable":true,"href":"https:\/\/www.europesays.com\/at\/wp-json\/wp\/v2\/tags?post=187845"}],"curies":[{"name":"wp","href":"https:\/\/api.w.org\/{rel}","templated":true}]}}