{"id":189748,"date":"2026-05-31T12:46:11","date_gmt":"2026-05-31T12:46:11","guid":{"rendered":"https:\/\/www.europesays.com\/at\/189748\/"},"modified":"2026-05-31T12:46:11","modified_gmt":"2026-05-31T12:46:11","slug":"grosses-finale-leider-kein-sieg-aber-magischer-abend-fuer-fabfox","status":"publish","type":"post","link":"https:\/\/www.europesays.com\/at\/189748\/","title":{"rendered":"Gro\u00dfes Finale &#8211; Leider kein Sieg, aber magischer Abend f\u00fcr FabFox"},"content":{"rendered":"<p>Dabei lagen intensive Wochen hinter dem Magier. Drei Wochen lang arbeitete er an seinem Finalauftritt, seit Dienstag wurde t\u00e4glich in London geprobt. Der Aufwand war enorm \u2013 und das Ergebnis konnte sich sehen lassen.<\/p>\n<p>Jury und Publikum waren begeistert<br \/>Mit einer verbl\u00fcffenden Mischung aus Gedankenlesen, Vorhersagen und \u00dcberraschungsmomenten zog Fabian Jury und Publikum in seinen Bann. Jurorin Amanda Holden w\u00e4hlte einen Ort, KSI entschied sich f\u00fcr einen Namen und Alesha Dixon nannte das Wort \u201eInsane\u201c. Alles schien dem Zufall \u00fcberlassen \u2013 bis Fabian seine bereits vor der Show notierten Vorhersagen pr\u00e4sentierte. Und tats\u00e4chlich: Alles stimmte \u00fcberein.<\/p>\n","protected":false},"excerpt":{"rendered":"Dabei lagen intensive Wochen hinter dem Magier. Drei Wochen lang arbeitete er an seinem Finalauftritt, seit Dienstag wurde&hellip;\n","protected":false},"author":2,"featured_media":189749,"comment_status":"","ping_status":"","sticky":false,"template":"","format":"standard","meta":{"footnotes":"","_share_on_mastodon":"0"},"categories":[22],"tags":[57237,54093,46,42,24524,3855,1404,147,24525,24526,24527,57238,57239,6036,57240,57241,943,44,148],"class_list":["post-189748","post","type-post","status-publish","format-standard","has-post-thumbnail","category-unterhaltung","tag-alesha-dixon","tag-amanda-holden","tag-at","tag-austria","tag-britains-got-talent","tag-britische","tag-britischer","tag-entertainment","tag-fab-fox","tag-fabian","tag-fabian-blochberger","tag-fabian-fox","tag-fabians","tag-harry","tag-harry-moulding","tag-krumbach","tag-london","tag-oesterreich","tag-unterhaltung"],"share_on_mastodon":{"url":"https:\/\/pubeurope.com\/@at\/116669263521859158","error":""},"_links":{"self":[{"href":"https:\/\/www.europesays.com\/at\/wp-json\/wp\/v2\/posts\/189748","targetHints":{"allow":["GET"]}}],"collection":[{"href":"https:\/\/www.europesays.com\/at\/wp-json\/wp\/v2\/posts"}],"about":[{"href":"https:\/\/www.europesays.com\/at\/wp-json\/wp\/v2\/types\/post"}],"author":[{"embeddable":true,"href":"https:\/\/www.europesays.com\/at\/wp-json\/wp\/v2\/users\/2"}],"replies":[{"embeddable":true,"href":"https:\/\/www.europesays.com\/at\/wp-json\/wp\/v2\/comments?post=189748"}],"version-history":[{"count":0,"href":"https:\/\/www.europesays.com\/at\/wp-json\/wp\/v2\/posts\/189748\/revisions"}],"wp:featuredmedia":[{"embeddable":true,"href":"https:\/\/www.europesays.com\/at\/wp-json\/wp\/v2\/media\/189749"}],"wp:attachment":[{"href":"https:\/\/www.europesays.com\/at\/wp-json\/wp\/v2\/media?parent=189748"}],"wp:term":[{"taxonomy":"category","embeddable":true,"href":"https:\/\/www.europesays.com\/at\/wp-json\/wp\/v2\/categories?post=189748"},{"taxonomy":"post_tag","embeddable":true,"href":"https:\/\/www.europesays.com\/at\/wp-json\/wp\/v2\/tags?post=189748"}],"curies":[{"name":"wp","href":"https:\/\/api.w.org\/{rel}","templated":true}]}}