{"id":190425,"date":"2026-05-31T22:03:08","date_gmt":"2026-05-31T22:03:08","guid":{"rendered":"https:\/\/www.europesays.com\/at\/190425\/"},"modified":"2026-05-31T22:03:08","modified_gmt":"2026-05-31T22:03:08","slug":"muttersprachenpop-die-wichtigsten-deutschsprachigen-neuerscheinungen-im-mai-2026-the-gap","status":"publish","type":"post","link":"https:\/\/www.europesays.com\/at\/190425\/","title":{"rendered":"Muttersprachenpop \u2014 Die\u00a0wichtigsten deutschsprachigen Neuerscheinungen im Mai\u00a02026 \u2013 The Gap"},"content":{"rendered":"<p>Deutschsprachiges zwischen Euphorie und Kapitulation, zwischen Pathos und Befindlichkeit. Ausgew\u00e4hlt von Dominik Oswald. Die wichtigsten deutschsprachigen Releases im Mai 2026. Mit OK KID, Sch\u00fctze, G\u00d6RL, Frachter und mehr.<\/p>\n<p>            <img width=\"750\" height=\"500\" src=\"https:\/\/www.europesays.com\/at\/wp-content\/uploads\/2026\/05\/okkid_pressefoto_2_by_kristina_wolf-1024x683.jpg\" class=\"attachment-large size-large wp-post-image\" alt=\"OK KID (Bild: Kristina Wolf)\" decoding=\"async\" fetchpriority=\"high\"  \/><\/p>\n<p>\n                        \u00a9 OK KID (Bild: Kristina Wolf)\n                    <\/p>\n<p>Various Artists \u2013 \u00bbAngriff aufs Schlaraffenland \u2013 Ein Deutschpunk-Mixtape.\u00ab<\/p>\n<p><img loading=\"lazy\" decoding=\"async\" width=\"1024\" height=\"1024\" src=\"https:\/\/www.europesays.com\/at\/wp-content\/uploads\/2026\/05\/TR612_Angriff_aufs_Schlaraffenland_rgb-1024x1024.jpg\" alt=\"Angriff aufs Schlaraffenland (Bild: Tapete Records)\" class=\"wp-image-154602\"  \/>Angriff aufs Schlaraffenland (Bild: Tapete Records)<\/p>\n<p>50 Jahre Punk! 1976 erschien die erste Punk-Single, Grund genug, zum runden Geburtstag alle Gl\u00fcckw\u00fcnsche zu schicken: Tapete Records ver\u00f6ffentlicht zu diesem Anlass ein Quasi-Best-Of deutschsprachiger Punk-Musik, dazu gibt\u2019s noch einen <a href=\"https:\/\/www.ventil-verlag.de\/titel\/1990\/angriff-aufs-schlaraffenland\" type=\"link\" id=\"https:\/\/www.ventil-verlag.de\/titel\/1990\/angriff-aufs-schlaraffenland\" target=\"_blank\" rel=\"noreferrer noopener nofollow\">gleichnamigen Sammelband<\/a>, herausgegeben von Jonas Engelmann im Ventil-Verlag, damit kann der ganze Freund*innenkreis beschenkt werden. Dass wir dies an Ort und Stelle f\u00fcr Pflichtlek- und -h\u00f6rt\u00fcre halten, d\u00fcrfte kein Geheimnis sein, wer noch unsicher ist, soll jetzt bitte aufpassen, wenn wir die Teile der Acts auflisten: Die Radierer, Hans-A-Plast, Egotronic, Die Aeronatuen, Korpus Kristi, \u00d6stro 430, \u2026but Alive, Mutter, Die Goldenen Zitronen, Acht Eimer H\u00fchnerherzen, Die Nerven, Superpunk, Schnipo Schranke, Antilopen Gang, Muff Potter, Stereo Total, wir k\u00f6nnten noch Stunden so weiter machen. 36 Tracks auf 2 LPs oder 2 CDs, knapp 350 Seiten im Buch. Wer m\u00f6chte, ist hier aber themenfremd, kann auch das zweite Buch \u00bbBored Teenagers\u00ab lesen, das sich der globalen Punk-Geschichte widmet.\u00a0<\/p>\n<p>Das Mixtape \u00bbAngriff auf\u2019s Schlaraffenland\u00ab erscheint am 22.5.2026 via Tapete Records. <a href=\"https:\/\/shop.tapeterecords.com\/v.a.-angriff-aufs-schlaraffenland-4554\" type=\"link\" id=\"https:\/\/shop.tapeterecords.com\/v.a.-angriff-aufs-schlaraffenland-4554\" target=\"_blank\" rel=\"noreferrer noopener nofollow\">Hier kaufen.<\/a> <\/p>\n<p>OK KID \u2013 \u00bbKomm, wir bleiben stehen\u00ab<\/p>\n<p><img loading=\"lazy\" decoding=\"async\" width=\"1024\" height=\"683\" src=\"https:\/\/www.europesays.com\/at\/wp-content\/uploads\/2026\/05\/okkid_pressefoto_2_by_kristina_wolf-1024x683.jpg\" alt=\"OK KID (Bild: Kristina Wolf)\" class=\"wp-image-154600\"  \/>OK KID (Bild: Kristina Wolf)<\/p>\n<p>Eine \u00bbPause auf unbestimmte Zeit\u00ab hei\u00dft meistens wenig Gutes, f\u00fcr Bands sowieso nicht und f\u00fcr Fans schon gar nicht, man k\u00f6nnte fast meinen, dass hier Hoffnungen sterben. Dass das aber nicht immer so sein muss, dass gleich alles aus ist, zeigen <a href=\"https:\/\/www.instagram.com\/okkid_official\/?hl=de\" type=\"link\" id=\"https:\/\/www.instagram.com\/okkid_official\/?hl=de\" target=\"_blank\" rel=\"noreferrer noopener nofollow\">OK KID<\/a>, kann man jetzt auch als Hoffnungsschimmer f\u00fcr andere Bands sehen. Dass die ihre ersten, neuen Songs \u00bbHoffnung stirbt 1\u00ab, \u00bbHoffnung stirbt 2\u00ab und \u2013 richtig: \u2013 \u00bbHoffnung stirbt 3\u00ab nennen, ist dann wieder Hoffnungstechnisch verwirrend, aber inhaltlich nat\u00fcrlich nur konsequent, weil so ist das Leben halt 2026. Die politische Dimension wird dann im Banger-Track des Albums \u00bbRave On\u00ab deutlich, wo die Solidarit\u00e4t als einzige Chance gegen Rechtsruck funktioniert, weil all das Gerade wenig gebracht hat und im braun-blauen Festzelt trotzdem Onkelz l\u00e4uft. Oder \u00bbWie ein echter Mann\u00ab mit TikTok-Clippings aus der \u00bbManosphere\u00ab mit der Zeile \u00bbDa tickt ne Bombe in der DNA \/ f\u00fchlen uns wie Opfer, obwohl wir schon immer T\u00e4ter waren.\u00ab. Musikalisch klingen OK KID wie dabei wie immer, Indiegitarren, Samples, 808s; da geht\u2019s aber nat\u00fcrlich haupts\u00e4chlich um die Lyrics und da muss man schon sagen: Ist schon nicht so schlecht.<\/p>\n<p>\u00bbKomm, wir bleiben jetzt stehen\u00ab von OK KID erscheint am 22.5.2026 via Epic Records. Live Termine: 27.9. Ottakringer Brauerei, Wien. Album <a href=\"https:\/\/shop.okkidmusik.de\/\" type=\"link\" id=\"https:\/\/shop.okkidmusik.de\/\" target=\"_blank\" rel=\"noreferrer noopener nofollow\">hier<\/a> kaufen. <\/p>\n<p>Frachter \u2013 \u00bbEs wird gleich besser\u00ab<\/p>\n<p>Andernorts vorgeschlagene Referenzwerte f\u00fcr die Weimarer Emo-Punks lassen gleich mit den Ohren wackeln \u2013 so hei\u00dft es, Turbostaat, Muff Potter und Love A w\u00e4ren Artverwandte \u2013, der erste H\u00f6rdurchgang mit denselben schlackern: Der Titel des zweiten Albums \u00bbEs wird gleich besser\u00ab ist nat\u00fcrlich gesamtgesellschaftliches Coping-Mantra und weniger Versprechen als blanke Verzweiflung, die erstaunlich genau akzentuierten Worte schneiden der aktuellen Lage feine Scheiben ab, namentlich: Klimakrise \u2013 mit dem vielleicht besten Songtitel der letzten Jahre: \u00bbHere Comes The Sun (aber als Drohung)\u00ab \u2013, Neoliberalismus, faschistisches Deutschland, vom kapitalistischen Druck entzweite Zwischenmenschlichkeit, kannst dich ja auf nichts mehr verlassen, ist ja auch alles f\u00fcr den Arsch mittlerweile. Der Engl\u00e4nder sagt dann berechtigterweise \u00bbgreat songs come out of hard times\u00ab, und 2026 ist ja Hochkonjunktur f\u00fcr Comedians, Satiker*innen und Folk-S\u00e4nger*innen, wir erg\u00e4nzen hier auch noch: Emo-Punks. Zumindest f\u00fcr <a href=\"https:\/\/www.instagram.com\/frachterpunx\/\" type=\"link\" id=\"https:\/\/www.instagram.com\/frachterpunx\/\" target=\"_blank\" rel=\"noreferrer noopener nofollow\">Frachter<\/a>, die durchaus in die Riege der vorhin genannten aufschlie\u00dfen. Sehr stark!\u00a0<\/p>\n<p>\u00bbEs wird gleich besser\u00ab von Frachter erscheint am 1.5.2026 via Gunner Records. Keine Live-Termine in \u00d6sterreich. Album <a href=\"https:\/\/gunnerrecords.com\/produkt\/frachter-es-wird-gleich-besser-lp\" type=\"link\" id=\"https:\/\/gunnerrecords.com\/produkt\/frachter-es-wird-gleich-besser-lp\" target=\"_blank\" rel=\"noreferrer noopener nofollow\">hier<\/a> kaufen.<\/p>\n<p>G\u00d6RL \u2013 \u00bbDark Silver Moon Light\u00ab<\/p>\n<p><img loading=\"lazy\" decoding=\"async\" width=\"1024\" height=\"683\" src=\"https:\/\/www.europesays.com\/at\/wp-content\/uploads\/2026\/05\/GOERL_photo_Rick_Burger_1-1024x683.jpg\" alt=\"G\u00d6RL (Bild: Rick Burger)\" class=\"wp-image-154599\"  \/>G\u00d6RL (Bild: Rick Burger)<\/p>\n<p>Nachdem endlich der breiten \u00d6ffentlichkeit \u00fcber die Fascho-Waver von <a href=\"https:\/\/taz.de\/Deutsche-Vita\/!6173834\/\" type=\"link\" id=\"https:\/\/taz.de\/Deutsche-Vita\/!6173834\/\" target=\"_blank\" rel=\"noreferrer noopener nofollow\">Deutsche Vita<\/a> berichtet wurde, die \u2013 Detail am Rande \u2013 von Spotify gerne mal einfach so in NNDW-Playlisten reingeschmuggelt werden, danke daf\u00fcr, wurden sicher auch viele tr\u00f6stende Gedanken <a href=\"https:\/\/www.groenland.com\/pages\/artist\/robert-gorl\" type=\"link\" id=\"https:\/\/www.groenland.com\/pages\/artist\/robert-gorl\" target=\"_blank\" rel=\"noreferrer noopener nofollow\">Robert G\u00f6rl<\/a> gewidmet, der bekannterma\u00dfen mit DAF Anfang der 80er-Jahre ebenfalls auf den First Listen eher politisch ambivalent interpretiert wurde, schlie\u00dflich sich aber doch als auf der richtigen Seite der Geschichte herausstellte.F\u00fcr die Gruppe, die seinen Namen tr\u00e4gt, produziert er gemeinsam mit Elektronik-Pionierin Sylvie Marks, \u00e4ndert sich am generellen Klangbild aber gar nicht so viel, aus Ermangelung besserer Begrifflichkeit k\u00f6nnen wir hier Future Groove sagen, elektronische Beats, Keyboards und viel Schlagzeug, melodi\u00f6s eher reduziert, geradlinig und schwer einordenbar, aber distinktiv. Auch inhaltlich geht es vor allem um den Bruch von Konventionen, mysteri\u00f6s, schauerromantisch, wehm\u00fctig \u2013 und, man merkt es an den Formulierungen \u2013 vor allem sehr assoziativ.\u00a0<\/p>\n<p>\u00bbDark Silver Moon Light\u00ab von G\u00d6RL erscheint am 29.5.2026 via Gr\u00f6nland Reocrds. Keine Termine in \u00d6sterreich. Album <a href=\"https:\/\/www.groenland.com\/collections\/gorl\" type=\"link\" id=\"https:\/\/www.groenland.com\/collections\/gorl\" target=\"_blank\" rel=\"noreferrer noopener nofollow\">hier<\/a> kaufen. <\/p>\n<p>Sch\u00fctze \u2013 \u00bbErfolg\u00ab<\/p>\n<p><img loading=\"lazy\" decoding=\"async\" width=\"1024\" height=\"574\" src=\"https:\/\/www.europesays.com\/at\/wp-content\/uploads\/2026\/05\/schuetze_c_neundollarsmile-1024x574.jpg\" alt=\"Sch\u00fctze (Bild: Neundollarsmile)\" class=\"wp-image-154603\"  \/>Sch\u00fctze (Bild: Neundollarsmile)<\/p>\n<p>Die Kombination aus Bandname und Albumtitel f\u00fchrt die Suchmaschinen und deren KI-Agenten bisweilen auf die falsche Spur, dennoch hier eine kurze Serviceinfo f\u00fcr alle mit diesem Sternzeichen: \u00bbErfolg ist in diesem Jahr eine Frage des Fokus und der Struktur.\u00ab Also bitte: Get your Shit together, Abergl\u00e4ubige dieser Welt. Das live als Quartett auftretende Duo <a href=\"https:\/\/www.instagram.com\/schuetze.offiziell\/\" type=\"link\" id=\"https:\/\/www.instagram.com\/schuetze.offiziell\/\" target=\"_blank\" rel=\"noreferrer noopener nofollow\">Sch\u00fctze<\/a> aus Schwerin scheint seinen Shit schon einmal beisammen zu haben, das Deb\u00fctalbum \u00bbTauchen\u00ab von 2024 hat nicht ganz die gro\u00dfe Aufmerksamkeit bekommen, mit dem zweiten Album soll das jetzt nun anders werden \u2013 und ist es auch schon ein bisschen, also zumindest das Potenzial ist definitiv vorhanden. Au\u00dferdem beherzigen Sch\u00fctze den zweiten gro\u00dfen Tipp der Suchmaschinen-KIs f\u00fcr Erfolg: \u00bbEs ist ratsam, Ideen zu strukturieren und das Tempo bei Bedarf strategisch zu z\u00fcgeln.\u00ab Der Synth-Indie-Emo, man kann es sich so schon ganz gut vorstellen, ist genau so, leise an den richten Stellen. \u00bbDamit sollte einem Erfolg nichts im Wege stehen.\u00ab Na, dann.<\/p>\n<p>\u00bbErfolg\u00ab von Sch\u00fctze erscheint am 22.5.2026 via Ferryhouse. Keine Live-Termine in \u00d6sterreich. Zu kaufen auf allen g\u00e4ngigen Portalen.<\/p>\n<p>Au\u00dferdem erw\u00e4hnenswert:<\/p>\n<p>Lisa Obereder \u2013 \u00bbGute Gedanken\u00ab<\/p>\n<p>(V\u00d6: 28. Mai 2026)<\/p>\n<p>Auf der Angewandten lernt man doch was: Lisa Obereder, die bereits mit den Postgrunge-Powerpoppern Paloma 004 ein tolles Deb\u00fctalbum hingelegt hat, kann es auch solo und ist auf \u00bbGute Gedanken\u00ab dann doch ganz sch\u00f6n elektronisch unterwegs. Dem Albumtitel entsprechend geht\u2019s vor allem um innere Monologe \u00fcber mentale Load und digitalen Overload, die Themen unserer Zeit eben. Mehr dazu kannst du demn\u00e4chst auf thegap.at lesen, das Album kannst du hier auf Kassette kaufen.<\/p>\n<p>\n            Newsletter abonnieren\n        <\/p>\n<p>\n            Abonniere unseren Newsletter und erhalte alle zwei Wochen eine Zusammenfassung der neuesten Artikel, Ank\u00fcndigungen, Gewinnspiele und vieles mehr &#8230;\n        <\/p>\n<p>\t<script async src=\"\/\/www.instagram.com\/embed.js\"><\/script><\/p>\n","protected":false},"excerpt":{"rendered":"Deutschsprachiges zwischen Euphorie und Kapitulation, zwischen Pathos und Befindlichkeit. Ausgew\u00e4hlt von Dominik Oswald. Die wichtigsten deutschsprachigen Releases im&hellip;\n","protected":false},"author":2,"featured_media":190426,"comment_status":"","ping_status":"","sticky":false,"template":"","format":"standard","meta":{"footnotes":"","_share_on_mastodon":"0"},"categories":[22],"tags":[46,42,147,12296,57375,57376,57377,57378,44,22036,148],"class_list":["post-190425","post","type-post","status-publish","format-standard","has-post-thumbnail","category-unterhaltung","tag-at","tag-austria","tag-entertainment","tag-fraechter","tag-goerl","tag-lisa-obereder","tag-muttersprachenpop","tag-ok-kid","tag-oesterreich","tag-schuetze","tag-unterhaltung"],"share_on_mastodon":{"url":"https:\/\/pubeurope.com\/@at\/116671454159579330","error":""},"_links":{"self":[{"href":"https:\/\/www.europesays.com\/at\/wp-json\/wp\/v2\/posts\/190425","targetHints":{"allow":["GET"]}}],"collection":[{"href":"https:\/\/www.europesays.com\/at\/wp-json\/wp\/v2\/posts"}],"about":[{"href":"https:\/\/www.europesays.com\/at\/wp-json\/wp\/v2\/types\/post"}],"author":[{"embeddable":true,"href":"https:\/\/www.europesays.com\/at\/wp-json\/wp\/v2\/users\/2"}],"replies":[{"embeddable":true,"href":"https:\/\/www.europesays.com\/at\/wp-json\/wp\/v2\/comments?post=190425"}],"version-history":[{"count":0,"href":"https:\/\/www.europesays.com\/at\/wp-json\/wp\/v2\/posts\/190425\/revisions"}],"wp:featuredmedia":[{"embeddable":true,"href":"https:\/\/www.europesays.com\/at\/wp-json\/wp\/v2\/media\/190426"}],"wp:attachment":[{"href":"https:\/\/www.europesays.com\/at\/wp-json\/wp\/v2\/media?parent=190425"}],"wp:term":[{"taxonomy":"category","embeddable":true,"href":"https:\/\/www.europesays.com\/at\/wp-json\/wp\/v2\/categories?post=190425"},{"taxonomy":"post_tag","embeddable":true,"href":"https:\/\/www.europesays.com\/at\/wp-json\/wp\/v2\/tags?post=190425"}],"curies":[{"name":"wp","href":"https:\/\/api.w.org\/{rel}","templated":true}]}}