{"id":190664,"date":"2026-06-01T03:25:07","date_gmt":"2026-06-01T03:25:07","guid":{"rendered":"https:\/\/www.europesays.com\/at\/190664\/"},"modified":"2026-06-01T03:25:07","modified_gmt":"2026-06-01T03:25:07","slug":"mit-minidrohne-im-kopf-faszination-roboter-wien-im-zeichen-der-androiden","status":"publish","type":"post","link":"https:\/\/www.europesays.com\/at\/190664\/","title":{"rendered":"Mit Minidrohne im Kopf &#8211; Faszination Roboter: Wien im Zeichen der Androiden"},"content":{"rendered":"<p>Zwischen Karlskirche und Technischer Universit\u00e4t (TU) Wien hat sich eine Menschentraube gebildet, als wir uns am Sonntag zum Lokalaugenschein einfinden: Jung und Alt recken die K\u00f6pfe empor, um einen Blick auf den WORKMATE zu erhaschen \u2013 den ersten humanoiden \u201eAustro-Roboter\u201c aus Linz. Auch wir werfen uns ins Get\u00fcmmel, als einige Meter weiter vorn drei Kinder im Chor rufen: \u201eWir wollen die Drohne sehen! Wir wollen die Drohne sehen!\u201c. \u00dcmit Bas, Gr\u00fcnder von Iono Robotics und Sch\u00f6pfer des WORKMATE l\u00e4sst sich nicht lumpen \u2013 und eine kleine Drohne schwirrt aus dem Kopf des Roboters empor, einmal \u00fcber die neugierige Menschenmenge, bevor sie in der Hand des Ingenieurs landet. Staunen macht sich breit, w\u00e4hrend Bas erkl\u00e4rt, was sein WORKMATE alles kann.<\/p>\n","protected":false},"excerpt":{"rendered":"Zwischen Karlskirche und Technischer Universit\u00e4t (TU) Wien hat sich eine Menschentraube gebildet, als wir uns am Sonntag zum&hellip;\n","protected":false},"author":2,"featured_media":190665,"comment_status":"","ping_status":"","sticky":false,"template":"","format":"standard","meta":{"footnotes":"","_share_on_mastodon":"0"},"categories":[28],"tags":[46,42,48693,249,5165,28362,57420,56220,52312,7086,57421,184,57422,57423,44,57424,57425,52701,439,181,3608,57426,57427,57428,182,3753],"class_list":["post-190664","post","type-post","status-publish","format-standard","has-post-thumbnail","category-wien","tag-at","tag-austria","tag-bas","tag-china","tag-elon-musk","tag-hanoi","tag-iono","tag-iono-robotics","tag-karlskirche","tag-karlsplatz","tag-karlsruhe-institute-of-technology","tag-linz","tag-markus-vincze","tag-nguyen-manh-cuong","tag-oesterreich","tag-phu-quoc","tag-tamim-asfour","tag-tu-wien","tag-usa","tag-vienna","tag-vietnam","tag-vindynamics","tag-vinfast","tag-vingroup","tag-wien","tag-wiener"],"share_on_mastodon":{"url":"https:\/\/pubeurope.com\/@at\/116672720125398342","error":""},"_links":{"self":[{"href":"https:\/\/www.europesays.com\/at\/wp-json\/wp\/v2\/posts\/190664","targetHints":{"allow":["GET"]}}],"collection":[{"href":"https:\/\/www.europesays.com\/at\/wp-json\/wp\/v2\/posts"}],"about":[{"href":"https:\/\/www.europesays.com\/at\/wp-json\/wp\/v2\/types\/post"}],"author":[{"embeddable":true,"href":"https:\/\/www.europesays.com\/at\/wp-json\/wp\/v2\/users\/2"}],"replies":[{"embeddable":true,"href":"https:\/\/www.europesays.com\/at\/wp-json\/wp\/v2\/comments?post=190664"}],"version-history":[{"count":0,"href":"https:\/\/www.europesays.com\/at\/wp-json\/wp\/v2\/posts\/190664\/revisions"}],"wp:featuredmedia":[{"embeddable":true,"href":"https:\/\/www.europesays.com\/at\/wp-json\/wp\/v2\/media\/190665"}],"wp:attachment":[{"href":"https:\/\/www.europesays.com\/at\/wp-json\/wp\/v2\/media?parent=190664"}],"wp:term":[{"taxonomy":"category","embeddable":true,"href":"https:\/\/www.europesays.com\/at\/wp-json\/wp\/v2\/categories?post=190664"},{"taxonomy":"post_tag","embeddable":true,"href":"https:\/\/www.europesays.com\/at\/wp-json\/wp\/v2\/tags?post=190664"}],"curies":[{"name":"wp","href":"https:\/\/api.w.org\/{rel}","templated":true}]}}