{"id":191038,"date":"2026-06-01T08:00:16","date_gmt":"2026-06-01T08:00:16","guid":{"rendered":"https:\/\/www.europesays.com\/at\/191038\/"},"modified":"2026-06-01T08:00:16","modified_gmt":"2026-06-01T08:00:16","slug":"maren-gilzer-gluecksrad-legende-feiert-tv-comeback-mit-66-unterhaltung","status":"publish","type":"post","link":"https:\/\/www.europesays.com\/at\/191038\/","title":{"rendered":"Maren\u00a0Gilzer: \u201eGl\u00fccksrad\u201c-Legende feiert TV-Comeback mit 66 | Unterhaltung"},"content":{"rendered":"<p><a class=\"skip-content skip-content--link\" href=\"#in-content-skip-link-target-v-0-0\">TTS-Player \u00fcberspringen\u21b5<\/a><a id=\"in-content-skip-link-target-v-0-0\" class=\"skip-content--target-link-hidden skip-content skip-content--target-link\" href=\"#in-content-skip-link-target-v-0-0\">Artikel weiterlesen<\/a><\/p>\n<p>Eschwege (Hessen) \u2013 Maren Gilzer (66) hat in ihrem Leben viele Titel und Berufe angesammelt: Model, Schauspielerin, \u201eGl\u00fccksrad\u201c-Fee, Bauzeichnerin \u2013 sogar Dschungelk\u00f6nigin. Der Job, der ihr seit jeher der liebste war, verhilft ihr nun zu einem wunderbaren TV-Comeback in einer Serie.<\/p>\n<p>Gilzer ist zur\u00fcck, mit 66 Jahren! Ab 1. Juni wird sie (montags bis freitags) als Gemeindeschwester Erna B\u00e4uerle in der <a href=\"https:\/\/www.bild.de\/themen\/organisationen\/sat-1\/organisation-news-fotos-videos-19489466.bild.html\" class=\"text-link\" rel=\"nofollow noopener\" target=\"_blank\">Sat.1<\/a>-Vorabendserie \u201eFrieda \u2013 Mit Feuer und Flamme\u201c zu sehen sein. Gilzer ist gl\u00fccklich, aber realistisch: \u201eEs hat mir sehr viel Spa\u00df gemacht, dass ich jetzt wieder vor der Kamera stehen und spielen konnte. Das war ein sch\u00f6nes, erf\u00fcllendes Gef\u00fchl. Aber offen gesagt: Die Konkurrenz schl\u00e4ft nicht. Es gibt so viele talentierte Schauspielerinnen auf dem Markt, die alle keinen Job haben.\u201c Wenn Angebote k\u00e4men, sage sie gerne zu, \u201eaber es ist vern\u00fcnftig, sich nicht zu viele Hoffnungen zu machen.\u201c<\/p>\n<p><img decoding=\"async\" width=\"992\" height=\"558\" alt=\"Gilzer in ihrer neuen Rolle als Gemeindeschwester bei Sat.1, hier in einer Szene mit Nachwuchsschauspieler Johan Korte (24\" src=\"https:\/\/www.europesays.com\/at\/wp-content\/uploads\/2026\/06\/3c4a164fb0fcf0d1fd6a6b835bf46af7,c2fe3f68.jpeg\"   class=\"landscape\" loading=\"lazy\"\/><\/p>\n<p class=\"fig__caption__text\">Maren Gilzer in ihrer neuen Rolle als Gemeindeschwester Erna B\u00e4uerle, hier in einer Szene mit Nachwuchsschauspieler Johan Korte (24)<\/p>\n<p>Foto: Joyn<\/p>\n<p><a href=\"https:\/\/www.bild.de\/unterhaltung\/stars-und-leute\/maren-gilzer-wird-65-so-lebt-die-dschungelkoenigin-heute-67a086450279a15cf71dc3d1\" class=\"text-link\" rel=\"nofollow noopener\" target=\"_blank\">TV-Star Maren Gilzer<\/a> ist in der Showbranche ohne Frage eine der Bodenst\u00e4ndigsten. Die gelernte Bauzeichnerin hat sich noch nie aufs Blitzlicht verlassen und sich abseits des Glamours auf den Bau, die Sanierung und Modernisierung von H\u00e4usern spezialisiert.<\/p>\n<p><img decoding=\"async\" width=\"992\" height=\"1178\" alt=\"Maren Gilzer und ihr Ehemann, der Unternehmer Harry Kuhlmann (62), lernten sich 2017 kennen, als ihre Hunde in einem Berliner Restaurant zuf\u00e4llig miteinander spielten\" src=\"https:\/\/www.europesays.com\/at\/wp-content\/uploads\/2026\/06\/4febeb6b03a1483bb23119a1e30a6922,469b307c.jpeg\"   class=\"portrait\" loading=\"lazy\"\/><\/p>\n<p class=\"fig__caption__text\">Maren Gilzer und ihr Ehemann, der Unternehmer Harry Kuhlmann (62), lernten sich 2017 kennen, als ihre Hunde in einem Berliner Restaurant zuf\u00e4llig miteinander spielten<\/p>\n<p>Foto: Getty Images<\/p>\n<p>Maren Gilzer zog f\u00fcr ihre Mutter nach Hessen<\/p>\n<p>Aus famili\u00e4ren Gr\u00fcnden zog sie vor zwei Jahren vom Nordberliner Stadtrand in eine kleine Gemeinde nach Nordhessen, die Heimat ihres Ehemannes Harry Kuhlmann (62). Sowohl ihre als auch Kuhlmanns Mutter hatten einen <a href=\"https:\/\/www.bild.de\/themen\/specials\/schlaganfall\/gesundheit-news-fotos-videos-02-42572700.bild.html\" class=\"text-link\" rel=\"nofollow noopener\" target=\"_blank\">Schlaganfall<\/a> erlitten und ben\u00f6tigten pl\u00f6tzlich mehr Unterst\u00fctzung.<\/p>\n<p>Maren Gilzer zu BILD: \u201eAlso schlug ich vor, in Harrys Heimat zu ziehen. Er hat hier immer noch Kontakt zu seinen alten Schulkameraden und Kumpels aus dem Ruderverein gehalten. Die Landschaft ist malerisch und es gibt viele Fachwerkh\u00e4user. Wir haben hier ein Haus gekauft.\u201c Dort zogen sie, nachdem sie es saniert und renoviert hatte, Anfang des Jahres ein. Gilzers Mutter lebt nun ganz in ihrer N\u00e4he in <a href=\"https:\/\/www.bild.de\/themen\/specials\/pflege-aktuelle-news-und-infos-ws4vu26NseaJQ4jE39c3\" class=\"text-link\" rel=\"nofollow noopener\" target=\"_blank\">einem Heim<\/a>: \u201eDas gef\u00e4llt ihr gut \u2013 vor allem, dass die Tochter in der N\u00e4he ist. Wir haben uns noch nie so oft gesehen wie jetzt, das genie\u00dft sie nat\u00fcrlich.\u201c<\/p>\n<p><img decoding=\"async\" width=\"992\" height=\"646\" alt=\"Mit 28 Jahren landete Gilzer beim \u201eGl\u00fccksrad\u201c und wurde zum Star. Davor hatte sie bereits eine Karriere als Model und eine Ausbildung als technische Bauzeichnerin gemacht\" src=\"https:\/\/www.europesays.com\/at\/wp-content\/uploads\/2026\/06\/09856b2410bad20e9c3bf85a07b16a1a,54b53b57.jpeg\"   class=\"dynamic\" loading=\"lazy\"\/><\/p>\n<p class=\"fig__caption__text\">Mit 28 Jahren landete Gilzer beim \u201eGl\u00fccksrad\u201c und wurde zum Star. Davor hatte sie bereits eine Karriere als Model und eine Ausbildung als Bauzeichnerin gemacht<\/p>\n<p>Foto: IMAGO\/teutopress<\/p>\n<p>Ihre Harmonie kam bei RTL nicht gut an<\/p>\n<p><a href=\"https:\/\/www.bild.de\/themen\/personen\/maren-gilzer\/maren-gilzer-ex-gluecksrad-fee-und-schauspielerin-38820976.bild.html\" class=\"text-link\" rel=\"nofollow noopener\" target=\"_blank\">Maren Gilzer<\/a> ist heute so etwas wie ein Urgestein im deutschen Fernsehen. Denn irgendwie war sie immer da, diese freundliche, offene Frau mit dem ansteckenden Lachen. Erst zehn Jahre \u201eGl\u00fccksrad\u201c (1988 bis 1998), danach 16 Jahre lang (1998 bis 2014) \u201e<a href=\"https:\/\/www.bild.de\/unterhaltung\/tv\/in-aller-freundschaft\/in-aller-freundschaft-alle-infos-86165202.bild.html\" class=\"text-link\" rel=\"nofollow noopener\" target=\"_blank\">In aller Freundschaft<\/a>\u201c \u2013 und 2015 <a href=\"https:\/\/www.bild.de\/unterhaltung\/tv\/dschungelcamp\/kandidaten-pruefungen-news-videos-fotos-49225474.bild.html\" class=\"text-link\" rel=\"nofollow noopener\" target=\"_blank\">Dschungelk\u00f6nigin<\/a> bei RTL. Ganz ohne fiese L\u00e4sterattacken gegen ihre Mitcamper. \u201eIch bin mit allen Mitcampern gut ausgekommen (&#8230;) Das kam beim Sender nicht gut an. Sie meinten, das w\u00e4re das langweiligste Camp aller Zeiten.\u201c<\/p>\n<p><img decoding=\"async\" width=\"992\" height=\"1178\" alt=\"Maren Gilzer 2015 auf dem RTL-Dschungelthron. Sie sagt zu BILD: \u201eMir hat dieser Sieg nicht viel gebracht. Wer eine ernst zu nehmende Schauspielkarriere anstrebt, sollte dort lieber nicht mitmachen\u201c\" src=\"https:\/\/www.europesays.com\/at\/wp-content\/uploads\/2026\/06\/548ecf5eff4b891033ad6d3d320a216b,a039c9c9.jpeg\"   class=\"portrait\" loading=\"lazy\"\/><\/p>\n<p class=\"fig__caption__text\">Maren Gilzer 2015 auf dem RTL-Dschungelthron. Sie sagt zu BILD: \u201eMir hat dieser Sieg nicht viel gebracht. Wer eine ernst zu nehmende Schauspielkarriere anstrebt, sollte dort lieber nicht mitmachen\u201c<\/p>\n<p>Foto: Andreas Thelen<\/p>\n<p>Gilzer w\u00fcrde gern Einrichtungssendung moderieren<\/p>\n<p>Danach wurde es in ihrem \u00f6ffentlichen Leben etwas ruhiger. Machte aber nichts, denn neben der H\u00e4usersanierung hat Maren Gilzer in ihrer neuen Heimat Nordhessen genug zu tun: \u201eIch bin Mitglied bei der Freiwilligen Feuerwehr, aber nur zahlendes Mitglied. Es wird immer Geld f\u00fcr neue Schl\u00e4uche oder Anz\u00fcge ben\u00f6tigt.\u201c<\/p>\n<p>Job-Tr\u00e4ume f\u00fcr die Zukunft? Gilzer: \u201eIch w\u00fcrde sehr gerne mal eine Einrichtungssendung moderieren. Als gelernte Bauzeichnerin habe ich schon so einige H\u00e4user gebaut und Wohnungen modernisiert. Ich kenne mich da wirklich aus. Deswegen w\u00e4re eine Sendung, in der renoviert und neues Interior angeschafft wird, ein Traum f\u00fcr mich.\u201c<\/p>\n","protected":false},"excerpt":{"rendered":"TTS-Player \u00fcberspringen\u21b5Artikel weiterlesen Eschwege (Hessen) \u2013 Maren Gilzer (66) hat in ihrem Leben viele Titel und Berufe angesammelt:&hellip;\n","protected":false},"author":2,"featured_media":191039,"comment_status":"","ping_status":"","sticky":false,"template":"","format":"standard","meta":{"footnotes":"","_share_on_mastodon":"0"},"categories":[27],"tags":[46,42,175,3014,57492,147,57491,57493,29768,1774,44,176,2611,7232,209,148],"class_list":["post-191038","post","type-post","status-publish","format-standard","has-post-thumbnail","category-prominente","tag-at","tag-austria","tag-celebrities","tag-dschungelcamp","tag-dschungelcamp-2015","tag-entertainment","tag-gilzer-maren","tag-gluecksrad","tag-haus","tag-in-aller-freundschaft","tag-oesterreich","tag-prominente","tag-sanierung","tag-schlaganfall","tag-team-first","tag-unterhaltung"],"share_on_mastodon":{"url":"https:\/\/pubeurope.com\/@at\/116673801409164766","error":""},"_links":{"self":[{"href":"https:\/\/www.europesays.com\/at\/wp-json\/wp\/v2\/posts\/191038","targetHints":{"allow":["GET"]}}],"collection":[{"href":"https:\/\/www.europesays.com\/at\/wp-json\/wp\/v2\/posts"}],"about":[{"href":"https:\/\/www.europesays.com\/at\/wp-json\/wp\/v2\/types\/post"}],"author":[{"embeddable":true,"href":"https:\/\/www.europesays.com\/at\/wp-json\/wp\/v2\/users\/2"}],"replies":[{"embeddable":true,"href":"https:\/\/www.europesays.com\/at\/wp-json\/wp\/v2\/comments?post=191038"}],"version-history":[{"count":0,"href":"https:\/\/www.europesays.com\/at\/wp-json\/wp\/v2\/posts\/191038\/revisions"}],"wp:featuredmedia":[{"embeddable":true,"href":"https:\/\/www.europesays.com\/at\/wp-json\/wp\/v2\/media\/191039"}],"wp:attachment":[{"href":"https:\/\/www.europesays.com\/at\/wp-json\/wp\/v2\/media?parent=191038"}],"wp:term":[{"taxonomy":"category","embeddable":true,"href":"https:\/\/www.europesays.com\/at\/wp-json\/wp\/v2\/categories?post=191038"},{"taxonomy":"post_tag","embeddable":true,"href":"https:\/\/www.europesays.com\/at\/wp-json\/wp\/v2\/tags?post=191038"}],"curies":[{"name":"wp","href":"https:\/\/api.w.org\/{rel}","templated":true}]}}