{"id":191975,"date":"2026-06-01T16:44:12","date_gmt":"2026-06-01T16:44:12","guid":{"rendered":"https:\/\/www.europesays.com\/at\/191975\/"},"modified":"2026-06-01T16:44:12","modified_gmt":"2026-06-01T16:44:12","slug":"neue-offensiv-kraft-fuer-sturm-ii","status":"publish","type":"post","link":"https:\/\/www.europesays.com\/at\/191975\/","title":{"rendered":"Neue Offensiv-Kraft f\u00fcr Sturm II"},"content":{"rendered":"<p>Niklas Lang machte in der abgelaufenen Saison in der burgenl\u00e4ndischen Landesliga mit starken Leistungen auf sich aufmerksam. In 28 Runden erzielte der gro\u00dfgewachsene Angreifer 26 Treffer und sicherte sich damit die Torj\u00e4ger-Krone seiner Liga. Mit seiner physischen Pr\u00e4senz, seiner Torgefahr und seinem Zug zum Tor bringt der 22-J\u00e4hrige ein spannendes Profil f\u00fcr Sturm II mit.<\/p>\n<p>Gesch\u00e4ftsf\u00fchrer Sport Michael Parensen: \u201eNiklas hat in der vergangenen Saison mit seinen Toren auf sich aufmerksam gemacht. Er bringt k\u00f6rperliche Pr\u00e4senz, Abschlussqualit\u00e4t und Zielstrebigkeit im letzten Drittel mit. F\u00fcr ihn ist der Schritt zu Sturm II eine spannende M\u00f6glichkeit, sich in einem professionellen Umfeld weiterzuentwickeln. Wir freuen uns, dass er diesen Weg bei uns gehen m\u00f6chte.\u201c<\/p>\n","protected":false},"excerpt":{"rendered":"Niklas Lang machte in der abgelaufenen Saison in der burgenl\u00e4ndischen Landesliga mit starken Leistungen auf sich aufmerksam. In&hellip;\n","protected":false},"author":2,"featured_media":191976,"comment_status":"","ping_status":"","sticky":false,"template":"","format":"standard","meta":{"footnotes":"","_share_on_mastodon":"0"},"categories":[18],"tags":[32592,46,42,183,26537,4592,14645,23564,7976,44,3440,26606,109,108,214,52017,57616,57647,34821,57646],"class_list":["post-191975","post","type-post","status-publish","format-standard","has-post-thumbnail","category-sport","tag-22-jaehrige","tag-at","tag-austria","tag-graz","tag-lang","tag-mannschaft","tag-mattersburg","tag-niklas","tag-offensive","tag-oesterreich","tag-puntigamer","tag-schwarz-weissen","tag-sport","tag-sports","tag-sturm","tag-stuermer","tag-verpflichtet","tag-verstaerken","tag-wechselt","tag-zweiten"],"share_on_mastodon":{"url":"https:\/\/pubeurope.com\/@at\/116675862214841762","error":""},"_links":{"self":[{"href":"https:\/\/www.europesays.com\/at\/wp-json\/wp\/v2\/posts\/191975","targetHints":{"allow":["GET"]}}],"collection":[{"href":"https:\/\/www.europesays.com\/at\/wp-json\/wp\/v2\/posts"}],"about":[{"href":"https:\/\/www.europesays.com\/at\/wp-json\/wp\/v2\/types\/post"}],"author":[{"embeddable":true,"href":"https:\/\/www.europesays.com\/at\/wp-json\/wp\/v2\/users\/2"}],"replies":[{"embeddable":true,"href":"https:\/\/www.europesays.com\/at\/wp-json\/wp\/v2\/comments?post=191975"}],"version-history":[{"count":0,"href":"https:\/\/www.europesays.com\/at\/wp-json\/wp\/v2\/posts\/191975\/revisions"}],"wp:featuredmedia":[{"embeddable":true,"href":"https:\/\/www.europesays.com\/at\/wp-json\/wp\/v2\/media\/191976"}],"wp:attachment":[{"href":"https:\/\/www.europesays.com\/at\/wp-json\/wp\/v2\/media?parent=191975"}],"wp:term":[{"taxonomy":"category","embeddable":true,"href":"https:\/\/www.europesays.com\/at\/wp-json\/wp\/v2\/categories?post=191975"},{"taxonomy":"post_tag","embeddable":true,"href":"https:\/\/www.europesays.com\/at\/wp-json\/wp\/v2\/tags?post=191975"}],"curies":[{"name":"wp","href":"https:\/\/api.w.org\/{rel}","templated":true}]}}