{"id":192500,"date":"2026-06-01T22:40:08","date_gmt":"2026-06-01T22:40:08","guid":{"rendered":"https:\/\/www.europesays.com\/at\/192500\/"},"modified":"2026-06-01T22:40:08","modified_gmt":"2026-06-01T22:40:08","slug":"zwei-fuenfer-ein-einser-die-noten-zu-oesterreich-gegen-tunesien","status":"publish","type":"post","link":"https:\/\/www.europesays.com\/at\/192500\/","title":{"rendered":"Zwei F\u00fcnfer, ein Einser: Die Noten zu \u00d6sterreich gegen Tunesien"},"content":{"rendered":"<p>\u00d6sterreich gewinnt einen holprigen letzten Test vor der WM gegen Tunesien in Unterzahl mit 1:0. (<a target=\"_blank\" rel=\"noopener noreferrer nofollow\" href=\"https:\/\/www.laola1.at\/de\/red\/fussball\/oefb-nationalteam\/a-team\/news\/trotz-unterzahl--oefb-team-gewinnt-wm-generalprobe-gegen-tunesien\/\">zum Spielbericht &gt;&gt;&gt;<\/a>)<\/p>\n<p>Schon vor dem Anpfiff gibt es den ersten Schock f\u00fcr das \u00d6FB-Team: <a href=\"https:\/\/www.laola1.at\/de\/daten\/news\/fussball\/christoph-baumgartner\/\" class=\"tag\" rel=\"nofollow noopener\" target=\"_blank\">Christoph Baumgartner<\/a> <a target=\"_blank\" rel=\"noopener noreferrer nofollow\" href=\"https:\/\/www.laola1.at\/de\/red\/fussball\/oefb-nationalteam\/a-team\/news\/verletzung-beim-aufwaermen--baumgartner-faellt-gegen-tunesien-aus\/\">verletzt sich beim Aufw\u00e4rmen,<\/a> er muss kurzfristig durch <a href=\"https:\/\/www.laola1.at\/de\/daten\/news\/fussball\/michael-gregoritsch\/\" class=\"tag\" rel=\"nofollow noopener\" target=\"_blank\">Michael Gregoritsch<\/a> ersetzt werden. <\/p>\n<p>Spielerisch tut sich die Elf von <a href=\"https:\/\/www.laola1.at\/de\/daten\/news\/ralf-rangnick\/\" class=\"tag\" rel=\"nofollow noopener\" target=\"_blank\">Ralf Rangnick<\/a> zun\u00e4chst schwer, Tunesien trifft in H\u00e4lfte eins gleich dreifach Aluminium &#8211; und <a href=\"https:\/\/www.laola1.at\/de\/daten\/news\/fussball\/konrad-laimer\/\" class=\"tag\" rel=\"nofollow noopener\" target=\"_blank\">Konrad Laimer<\/a> sieht nach einem Handspiel als letzter Mann Rot.<\/p>\n<p>Erst nach der Pause findet \u00d6sterreich &#8211; in Unterzahl &#8211; so langsam in die Partie, die Einwechselspieler tun der Partie gut.<\/p>\n<p>LAOLA1\u00a0analysiert die Leistung aller \u00d6FB-Akteure und verteilt Noten (1=Sehr Gut, 2=Gut, 3=Befriedigend, 4=Gen\u00fcgend, 5=Nicht Gen\u00fcgend, &#8222;-&#8220; = zu kurz eingesetzt).<\/p>\n<p>Die Noten f\u00fcr die \u00d6FB-Kicker:<\/p>\n","protected":false},"excerpt":{"rendered":"\u00d6sterreich gewinnt einen holprigen letzten Test vor der WM gegen Tunesien in Unterzahl mit 1:0. (zum Spielbericht &gt;&gt;&gt;)&hellip;\n","protected":false},"author":2,"featured_media":192501,"comment_status":"","ping_status":"","sticky":false,"template":"","format":"standard","meta":{"footnotes":"","_share_on_mastodon":"0"},"categories":[8],"tags":[14568,7640,16383,23133,11592,14210,964,48391,16856,7902,27471,30259,1178,26838,40,41,12059,7516,29781,14153,22456,57752,39486,3590,39,57751,38,48822,23216],"class_list":["post-192500","post","type-post","status-publish","format-standard","has-post-thumbnail","category-nachrichten","tag-alexander-prass","tag-alexander-schlager","tag-carney-chukwuemeka","tag-christoph-baumgartner","tag-david-alaba","tag-fifa-wm-2026","tag-fussball","tag-kevin-danso","tag-konrad-laimer","tag-laola1","tag-marcel-sabitzer","tag-marco-friedl","tag-marko-arnautovic","tag-michael-gregoritsch","tag-nachrichten","tag-news","tag-nicolas-seiwald","tag-oefb-team","tag-oesterreich-team","tag-paul-wanner","tag-philipp-lienhart","tag-phillipp-mwene","tag-romano-schmid","tag-sasa-kalajdzic","tag-schlagzeilen","tag-stefan-posch","tag-top-meldungen","tag-tunesien","tag-xaver-schlager"],"share_on_mastodon":{"url":"https:\/\/pubeurope.com\/@at\/116677261574485577","error":""},"_links":{"self":[{"href":"https:\/\/www.europesays.com\/at\/wp-json\/wp\/v2\/posts\/192500","targetHints":{"allow":["GET"]}}],"collection":[{"href":"https:\/\/www.europesays.com\/at\/wp-json\/wp\/v2\/posts"}],"about":[{"href":"https:\/\/www.europesays.com\/at\/wp-json\/wp\/v2\/types\/post"}],"author":[{"embeddable":true,"href":"https:\/\/www.europesays.com\/at\/wp-json\/wp\/v2\/users\/2"}],"replies":[{"embeddable":true,"href":"https:\/\/www.europesays.com\/at\/wp-json\/wp\/v2\/comments?post=192500"}],"version-history":[{"count":0,"href":"https:\/\/www.europesays.com\/at\/wp-json\/wp\/v2\/posts\/192500\/revisions"}],"wp:featuredmedia":[{"embeddable":true,"href":"https:\/\/www.europesays.com\/at\/wp-json\/wp\/v2\/media\/192501"}],"wp:attachment":[{"href":"https:\/\/www.europesays.com\/at\/wp-json\/wp\/v2\/media?parent=192500"}],"wp:term":[{"taxonomy":"category","embeddable":true,"href":"https:\/\/www.europesays.com\/at\/wp-json\/wp\/v2\/categories?post=192500"},{"taxonomy":"post_tag","embeddable":true,"href":"https:\/\/www.europesays.com\/at\/wp-json\/wp\/v2\/tags?post=192500"}],"curies":[{"name":"wp","href":"https:\/\/api.w.org\/{rel}","templated":true}]}}