{"id":193326,"date":"2026-06-02T09:57:08","date_gmt":"2026-06-02T09:57:08","guid":{"rendered":"https:\/\/www.europesays.com\/at\/193326\/"},"modified":"2026-06-02T09:57:08","modified_gmt":"2026-06-02T09:57:08","slug":"neue-pflegedienstleitung-fuer-fradomo-feldkirchen-kommt-aus-linz","status":"publish","type":"post","link":"https:\/\/www.europesays.com\/at\/193326\/","title":{"rendered":"Neue Pflegedienstleitung f\u00fcr FraDomo Feldkirchen kommt aus Linz"},"content":{"rendered":"<p> FELDKIRCHEN\/LINZ. Adriana Sherifi aus Linz ist die neue Leiterin des Betreuungs- und Pflegedienstes im FraDomo Feldkirchen an der Donau. Dieses steht f\u00fcr w\u00fcrdevolle Betreuung, Begleitung und Pflege von Senioren. <\/p>\n<p>W\u00fcrde und Selbstbestimmung der Bewohner liegen Adriana Sherifi am Herzen. Sie betont: \u201eIch freue mich darauf, Verantwortung in einem Umfeld zu \u00fcbernehmen, in dem Menschlichkeit, Wertsch\u00e4tzung und professionelle Pflege sp\u00fcrbar miteinander verbunden werden.\u201c<\/p>\n<p>Sherifi ist eine erfahrene Pflegedienstleitung mit klarem Fokus auf Organisation und die Sicherstellung h\u00f6chster Pflegequalit\u00e4t: \u201eF\u00fcr mich bedeutet Pflege, Menschen mit W\u00fcrde, Respekt und Achtsamkeit zu begegnen und gleichzeitig Mitarbeiter in ihrer t\u00e4glichen Arbeit zu st\u00e4rken und zu unterst\u00fctzen.\u201c Basierend auf diesen Werten m\u00f6chte sie gemeinsam mit dem Team ein Zuhause f\u00fcr die Bewohner gestalten, in dem sie sich entfalten und selbstbestimmt f\u00fchlen k\u00f6nnen.<\/p>\n<p>Erfahrung trifft Motivation<\/p>\n<p>Adriana Sherifi wohnt mit ihren Kindern in Linz und war zuletzt als Leiterin des Betreuungs- und Pflegedienstes im Diakoniewerk Gallneukirchen t\u00e4tig. Dar\u00fcber hinaus vermittelt sie ihr Wissen als Fachvortragende an der Gesundheits- und Krankenpflegeschule der Barmherzigen Schwestern Linz.<\/p>\n<p>\u201eMit Adriana Sherifi haben wir eine erfahrene, engagierte F\u00fchrungskraft gewonnen, die Lebensweltorientierung unmittelbar erlebbar macht und dadurch das Wohlbefinden, die Selbstbestimmung und die Teilhabe unserer Bewohner st\u00e4rkt\u201c, freut sich FraDomo-Gesch\u00e4ftsf\u00fchrerin\u00a0Deborah Neum\u00fcller.<\/p>\n<p>\u00dcber das FraDomo Feldkirchen an der Donau<\/p>\n<p>Das FraDomo Feldkirchen ist eines von sechs Alten- und Pflegeheimen der Franziskanerinnen von V\u00f6cklabruck. Das in FraDomo Feldkirchen gelebte Hausgemeinschaftsmodell schafft den Rahmen f\u00fcr ein lebendiges Miteinander in kleinen Wohneinheiten. F\u00fcr Menschen mit Demenz kommt das Drei-Welten-Modell von Held zum Einsatz, das f\u00fcr jedes Stadium der Erkrankung die optimale Wohn- und Lebensumgebung bietet. Die Pflegeoase als dritte Lebenswelt schenkt Bewohnern mit weit fortgeschrittener Demenz Sicherheit sowie Geborgenheit und f\u00f6rdert die gezielte Anregung der Sinne.<\/p>\n","protected":false},"excerpt":{"rendered":"FELDKIRCHEN\/LINZ. Adriana Sherifi aus Linz ist die neue Leiterin des Betreuungs- und Pflegedienstes im FraDomo Feldkirchen an der&hellip;\n","protected":false},"author":2,"featured_media":193327,"comment_status":"","ping_status":"","sticky":false,"template":"","format":"standard","meta":{"footnotes":"","_share_on_mastodon":"0"},"categories":[30],"tags":[57930,5441,27439,46,42,52120,13191,57927,15452,19227,57926,57928,57925,37268,28713,17408,184,7992,15969,44,1896,57929,6854,11014,11017,6245,464,35925,6972],"class_list":["post-193326","post","type-post","status-publish","format-standard","has-post-thumbnail","category-linz","tag-alt","tag-alter","tag-altersheim","tag-at","tag-austria","tag-betreuung","tag-bezirk","tag-domo","tag-donau","tag-feldkirchen","tag-fra","tag-fradomo","tag-frages","tag-gmbh","tag-heim","tag-holding","tag-linz","tag-magdalena","tag-oeffentlich","tag-oesterreich","tag-pflege","tag-privat","tag-senioren","tag-tips","tag-umgebung","tag-urfahr","tag-uu","tag-wilhelm","tag-zeitung"],"share_on_mastodon":{"url":"https:\/\/pubeurope.com\/@at\/116679923973876891","error":""},"_links":{"self":[{"href":"https:\/\/www.europesays.com\/at\/wp-json\/wp\/v2\/posts\/193326","targetHints":{"allow":["GET"]}}],"collection":[{"href":"https:\/\/www.europesays.com\/at\/wp-json\/wp\/v2\/posts"}],"about":[{"href":"https:\/\/www.europesays.com\/at\/wp-json\/wp\/v2\/types\/post"}],"author":[{"embeddable":true,"href":"https:\/\/www.europesays.com\/at\/wp-json\/wp\/v2\/users\/2"}],"replies":[{"embeddable":true,"href":"https:\/\/www.europesays.com\/at\/wp-json\/wp\/v2\/comments?post=193326"}],"version-history":[{"count":0,"href":"https:\/\/www.europesays.com\/at\/wp-json\/wp\/v2\/posts\/193326\/revisions"}],"wp:featuredmedia":[{"embeddable":true,"href":"https:\/\/www.europesays.com\/at\/wp-json\/wp\/v2\/media\/193327"}],"wp:attachment":[{"href":"https:\/\/www.europesays.com\/at\/wp-json\/wp\/v2\/media?parent=193326"}],"wp:term":[{"taxonomy":"category","embeddable":true,"href":"https:\/\/www.europesays.com\/at\/wp-json\/wp\/v2\/categories?post=193326"},{"taxonomy":"post_tag","embeddable":true,"href":"https:\/\/www.europesays.com\/at\/wp-json\/wp\/v2\/tags?post=193326"}],"curies":[{"name":"wp","href":"https:\/\/api.w.org\/{rel}","templated":true}]}}