{"id":193900,"date":"2026-06-02T15:32:10","date_gmt":"2026-06-02T15:32:10","guid":{"rendered":"https:\/\/www.europesays.com\/at\/193900\/"},"modified":"2026-06-02T15:32:10","modified_gmt":"2026-06-02T15:32:10","slug":"oefb-frauen-blicken-vorfreudig-auf-jubilaeum-in-wien-hernals","status":"publish","type":"post","link":"https:\/\/www.europesays.com\/at\/193900\/","title":{"rendered":"\u00d6FB-Frauen blicken vorfreudig auf Jubil\u00e4um in Wien-Hernals"},"content":{"rendered":"<p> <img decoding=\"async\" src=\"https:\/\/www.europesays.com\/at\/wp-content\/uploads\/2026\/06\/1780414329_631_at-oefb-verband.png\" alt=\"\"\/> <\/p>\n<p>Das \u00d6FB Frauen-Nationalteam bewegt sich mit gro\u00dfen Schritten in Richtung WM-Qualifikationsspiel gegen Slowenien am Wiener Sport-Club Platz (Freitag, 5. Juni, 18 Uhr,<a href=\"https:\/\/ticker.ligaportal.at\/live-ticker\/1232341\/oesterreich-frauen-gegen-slowenien\" rel=\"nofollow noopener\" target=\"_blank\"> Ligaportal-LIVETICKER<\/a>) und damit dem 250. L\u00e4nderspiel der \u00d6FB-Geschichte und zugleich der Premiere von Neo-Teamchef Lars S\u00f6ndergaard sowie dem ersten Gastspiel am Sport-Club-Platz in Wien-Hernals.<\/p>\n<p><img decoding=\"async\" src=\"https:\/\/www.europesays.com\/at\/wp-content\/uploads\/2026\/06\/oefb-frauenteam-im-trainingscamp-02-06-26-oefb-jasmin-walter-pumann.jpg\" alt=\"\"\/><\/p>\n<p>\u201eDer Punktgewinn im letzten Spiel gegen Deutschland war historisch, das hat uns auf jeden Fall Erleichterung und viel Energie mitgegeben&#8220;<\/p>\n<p>Nach den ersten beiden gemeinsamen Trainingseinheiten in der burgenl\u00e4ndischen Landeshauptstadt will die \u00d6FB-Auswahl vor dem wichtigen WM-Qualifikationsduell mit den Sloweninnen auch den positiven Aufschwung vom historischen Punktgewinn gegen Deutschland im April mitnehmen: \u201eDer Punktgewinn im letzten Spiel gegen Deutschland war historisch, das hat uns auf jeden Fall Erleichterung und viel Energie mitgegeben. Die Motivation, nach einer langen Saison jetzt noch einmal alles zu investieren in diesen beiden Spielen ist sehr gro\u00df, das war schon im Pre-Camp letzte Woche zu sp\u00fcren. Mit dem neuen Teamchef kommt zudem ein gewisser neuer Schwung. Er hat nat\u00fcrlich eine neue Idee, die wir jetzt umsetzen m\u00fcssen\u201c, so Claudia Wenger, die in neun der letzten vierzehn Partien von Beginn an auf dem Feld gestanden ist.<\/p>\n<p>Auf einen \u00e4hnlichen Effekt wie beim ausverkauften Spiel in Ried gegen die DFB-Elf setzt die Leverkusen-Legion\u00e4rin auch f\u00fcr Freitag in Wien: \u201eWir hoffen auf viele Fans und eine gute Stimmung, weil genau das gegen Deutschland sehr viel ausgemacht hat in Ried. Es ist ein gro\u00dfer Push von au\u00dfen, den wir auch am Freitag in Wien brauchen werden. Wir wollen die Zuschauer wieder mitzurei\u00dfen.\u201c<\/p>\n<p><img decoding=\"async\" src=\"https:\/\/www.europesays.com\/at\/wp-content\/uploads\/2026\/06\/oefb-frauennational-team-im-trainingscamp-02-06-26-oefb-jasmin-walter-pumann.jpg\" alt=\"\"\/><\/p>\n<p>\u201eJede Spielerin ist mitverantwortlich daf\u00fcr, diese positive Energie mit in diesen Lehrgang zu nehmen&#8220;<\/p>\n<p>Das WM-Qualifikationsspiel der \u00d6FB-Frauen in Ried gegen Deutschland war mit 4300 Fans das historisch zweite, ausverkaufte Heimspiel der \u00d6sterreicherinnen in der Geschichte. An den positiven Schwung vom letzten Match glaubt auch Barbara Dunst: \u201eDas Remis gegen Deutschland hat jedem wieder ein St\u00fcck mehr Selbstvertrauen und Hoffnung gegeben. Wir wollen zur Weltmeisterschaft fahren und wollen uns gegenseitig mit der Motivation anstecken. Jede Spielerin ist mitverantwortlich daf\u00fcr, diese positive Energie mit in diesen Lehrgang zu nehmen.\u201c<\/p>\n<p>Die Double-Siegerin mit dem FC Bayern M\u00fcnchen nimmt dabei auch ihr Team in die Pflicht: \u201eIch glaube auch die Kommunikation ist wichtig. Wir m\u00fcssen von uns selbst viel einfordern, dass wir uns gegenseitig unterst\u00fctzen aber auch genau zuh\u00f6ren, was von uns verlangt wird.\u201c<\/p>\n<p>Die Eingew\u00f6hnungsphase an Neo-Teamchef Lars S\u00f6ndergaard und seine Spielideen ist jedenfalls auch dank des Pre-Camps in der Vorwoche bereits positiv angelaufen: \u201eDie ersten Eindr\u00fccke von Lars S\u00f6ndergaard sind sehr positiv. Die Spielerinnen, die letzte Woche bereits da waren, konnten die Einheiten nutzen, um ihn und seine Ideen kennen zu lernen. Jetzt gilt es, die Stimmung von letzter Woche und die Energie mitzunehmen, die kommenden Einheiten gut nutzen und uns dann einfach auf das Spiel am Freitag vorzubereiten&#8220;, best\u00e4tigt auch HSV-Legion\u00e4rin Sophie Hillebrand.<\/p>\n<p>Fotocredit: \u00d6FB\/Jasmin Walter<\/p>\n","protected":false},"excerpt":{"rendered":"Das \u00d6FB Frauen-Nationalteam bewegt sich mit gro\u00dfen Schritten in Richtung WM-Qualifikationsspiel gegen Slowenien am Wiener Sport-Club Platz (Freitag,&hellip;\n","protected":false},"author":2,"featured_media":193901,"comment_status":"","ping_status":"","sticky":false,"template":"","format":"standard","meta":{"footnotes":"","_share_on_mastodon":"0"},"categories":[18],"tags":[46,42,46623,58054,44,109,108,38109,58053],"class_list":["post-193900","post","type-post","status-publish","format-standard","has-post-thumbnail","category-sport","tag-at","tag-austria","tag-lars-soendergaard","tag-oefb-frauen-nationalteam","tag-oesterreich","tag-sport","tag-sports","tag-wien-hernals","tag-wm-qualifikationsspiel"],"share_on_mastodon":{"url":"https:\/\/pubeurope.com\/@at\/116681241419365736","error":""},"_links":{"self":[{"href":"https:\/\/www.europesays.com\/at\/wp-json\/wp\/v2\/posts\/193900","targetHints":{"allow":["GET"]}}],"collection":[{"href":"https:\/\/www.europesays.com\/at\/wp-json\/wp\/v2\/posts"}],"about":[{"href":"https:\/\/www.europesays.com\/at\/wp-json\/wp\/v2\/types\/post"}],"author":[{"embeddable":true,"href":"https:\/\/www.europesays.com\/at\/wp-json\/wp\/v2\/users\/2"}],"replies":[{"embeddable":true,"href":"https:\/\/www.europesays.com\/at\/wp-json\/wp\/v2\/comments?post=193900"}],"version-history":[{"count":0,"href":"https:\/\/www.europesays.com\/at\/wp-json\/wp\/v2\/posts\/193900\/revisions"}],"wp:featuredmedia":[{"embeddable":true,"href":"https:\/\/www.europesays.com\/at\/wp-json\/wp\/v2\/media\/193901"}],"wp:attachment":[{"href":"https:\/\/www.europesays.com\/at\/wp-json\/wp\/v2\/media?parent=193900"}],"wp:term":[{"taxonomy":"category","embeddable":true,"href":"https:\/\/www.europesays.com\/at\/wp-json\/wp\/v2\/categories?post=193900"},{"taxonomy":"post_tag","embeddable":true,"href":"https:\/\/www.europesays.com\/at\/wp-json\/wp\/v2\/tags?post=193900"}],"curies":[{"name":"wp","href":"https:\/\/api.w.org\/{rel}","templated":true}]}}