{"id":194255,"date":"2026-06-02T19:09:10","date_gmt":"2026-06-02T19:09:10","guid":{"rendered":"https:\/\/www.europesays.com\/at\/194255\/"},"modified":"2026-06-02T19:09:10","modified_gmt":"2026-06-02T19:09:10","slug":"frauen-wm-quali-250-laenderspiel-oefb-frauen-wollen-schwung-gegen-slowenien-nutzen","status":"publish","type":"post","link":"https:\/\/www.europesays.com\/at\/194255\/","title":{"rendered":"Frauen-WM-Quali &#8211; 250. L\u00e4nderspiel: \u00d6FB\u2011Frauen wollen Schwung gegen Slowenien nutzen"},"content":{"rendered":"<p>        <img decoding=\"async\" src=\"https:\/\/www.europesays.com\/at\/wp-content\/uploads\/2026\/06\/img-OSWb9vaVmrL02haq.jpeg\" data-fullscreen-src=\"https:\/\/www.noen.at\/image\/3840x0-jpg\/6437793\/img-OSWb9vaVmrL02haq.jpeg\" bad-src=\"https:\/\/www.europesays.com\/at\/wp-content\/uploads\/2026\/06\/img-OSWb9vaVmrL02haq.jpeg\" data-teaser-member=\"image\" alt=\"frauencupfinale-8749.jpg\"\/><\/p>\n<p>\n                Sophie Hillebrand hat sich nach ihrem Abgang aus St. P\u00f6lten in der deutschen Bundesliga etabliert.            <\/p>\n<p>\n                Foto:<br \/>\n                Wolfgang Wallner                            <\/p>\n<p>\n        Mit Selbstvertrauen aus dem Deutschland\u2011Remis geht das \u00d6FB\u2011Team ins Jubil\u00e4umsl\u00e4nderspiel. Gegen Slowenien feiert Neo\u2011Coach S\u00f6ndergaard Premiere \u2013 Fans sollen in Wien-Hernals f\u00fcr Extra\u2011Push sorgen.     <\/p>\n<p>Mit R\u00fcckenwind aus Deutschland, frischer Energie und einem neuen Teamchef geht \u00d6sterreichs Frauen\u2011Nationalteam in ein ganz besonderes Spiel: Am 5. Juni trifft die \u00d6FB-Auswahl am Wiener Sport\u2011Club\u2011Platz auf Slowenien \u2013 es ist das 250. L\u00e4nderspiel der Verbandsgeschichte und zugleich die Premiere von Neo-Teamchef Lars S\u00f6ndergaard. Und der hat mit Carina Brunold und Jennifer Klein zwei SKN-Akteurinnen f\u00fcrs anstehende Quali-Doppel nachnominiert.<\/p>\n","protected":false},"excerpt":{"rendered":"Sophie Hillebrand hat sich nach ihrem Abgang aus St. P\u00f6lten in der deutschen Bundesliga etabliert. Foto: Wolfgang Wallner&hellip;\n","protected":false},"author":2,"featured_media":194256,"comment_status":"","ping_status":"","sticky":false,"template":"","format":"standard","meta":{"footnotes":"","_share_on_mastodon":"0"},"categories":[8],"tags":[30826,58101,58100,46623,4647,40,41,39,3961,109,38,58102],"class_list":["post-194255","post","type-post","status-publish","format-standard","has-post-thumbnail","category-nachrichten","tag-barbara-dunst","tag-claudia-wenger","tag-frauen-laenderspiel","tag-lars-soendergaard","tag-meinfussball","tag-nachrichten","tag-news","tag-schlagzeilen","tag-sophie-hillebrand","tag-sport","tag-top-meldungen","tag-wien-dornbach"],"share_on_mastodon":{"url":"https:\/\/pubeurope.com\/@at\/116682094647715061","error":""},"_links":{"self":[{"href":"https:\/\/www.europesays.com\/at\/wp-json\/wp\/v2\/posts\/194255","targetHints":{"allow":["GET"]}}],"collection":[{"href":"https:\/\/www.europesays.com\/at\/wp-json\/wp\/v2\/posts"}],"about":[{"href":"https:\/\/www.europesays.com\/at\/wp-json\/wp\/v2\/types\/post"}],"author":[{"embeddable":true,"href":"https:\/\/www.europesays.com\/at\/wp-json\/wp\/v2\/users\/2"}],"replies":[{"embeddable":true,"href":"https:\/\/www.europesays.com\/at\/wp-json\/wp\/v2\/comments?post=194255"}],"version-history":[{"count":0,"href":"https:\/\/www.europesays.com\/at\/wp-json\/wp\/v2\/posts\/194255\/revisions"}],"wp:featuredmedia":[{"embeddable":true,"href":"https:\/\/www.europesays.com\/at\/wp-json\/wp\/v2\/media\/194256"}],"wp:attachment":[{"href":"https:\/\/www.europesays.com\/at\/wp-json\/wp\/v2\/media?parent=194255"}],"wp:term":[{"taxonomy":"category","embeddable":true,"href":"https:\/\/www.europesays.com\/at\/wp-json\/wp\/v2\/categories?post=194255"},{"taxonomy":"post_tag","embeddable":true,"href":"https:\/\/www.europesays.com\/at\/wp-json\/wp\/v2\/tags?post=194255"}],"curies":[{"name":"wp","href":"https:\/\/api.w.org\/{rel}","templated":true}]}}