{"id":196270,"date":"2026-06-03T18:56:09","date_gmt":"2026-06-03T18:56:09","guid":{"rendered":"https:\/\/www.europesays.com\/at\/196270\/"},"modified":"2026-06-03T18:56:09","modified_gmt":"2026-06-03T18:56:09","slug":"oebv-maenner-besiegen-bei-3x3-wm-titelverteidiger-spanien","status":"publish","type":"post","link":"https:\/\/www.europesays.com\/at\/196270\/","title":{"rendered":"\u00d6BV-M\u00e4nner besiegen bei 3&#215;3-WM Titelverteidiger Spanien"},"content":{"rendered":"<p>\u00d6sterreichs 3\u00d73-Basketballer haben bei der WM in Warschau Weltmeister Spanien besiegt und stehen vorzeitig in der K.o.-Runde.<\/p>\n<p>Denn Nico Kaltenbrunner, Fabio S\u00f6hnel, Quincy Diggs und Toni Blazan feierten mit einem 17:14 gegen die Iberer den dritten Sieg im dritten Spiel, nachdem es am Montag Erfolge gegen Madagaskar und Australien gegeben hatte. Es folgt das Match gegen Sechsfachchampion Serbien. Der Gruppensieger steht im Viertelfinale, der Zweite und Dritte im Play-in.<\/p>\n<p><a class=\"ad-msg\" href=\"https:\/\/www.skysportaustria.at\/tippliga\/login\/\" target=\"_blank\" rel=\"nofollow noopener\"><img loading=\"lazy\" decoding=\"async\" width=\"3751\" height=\"1250\" src=\"https:\/\/www.europesays.com\/at\/wp-content\/uploads\/2026\/06\/1780512969_451_Tippliga_Banner_900x300.png\" class=\"ad-msg__image ad-msg__image--desktop\" alt=\"Werbung\"  \/><\/a><\/p>\n<p>(APA)\/Beitragsbild: GEPA<\/p>\n","protected":false},"excerpt":{"rendered":"\u00d6sterreichs 3\u00d73-Basketballer haben bei der WM in Warschau Weltmeister Spanien besiegt und stehen vorzeitig in der K.o.-Runde. Denn&hellip;\n","protected":false},"author":2,"featured_media":196271,"comment_status":"","ping_status":"","sticky":false,"template":"","format":"standard","meta":{"footnotes":"","_share_on_mastodon":"0"},"categories":[18],"tags":[37089,46,42,58524,44,935,109,108],"class_list":["post-196270","post","type-post","status-publish","format-standard","has-post-thumbnail","category-sport","tag-3x3","tag-at","tag-austria","tag-oebv-maenner","tag-oesterreich","tag-spanien","tag-sport","tag-sports"],"share_on_mastodon":{"url":"https:\/\/pubeurope.com\/@at\/116687705661399497","error":""},"_links":{"self":[{"href":"https:\/\/www.europesays.com\/at\/wp-json\/wp\/v2\/posts\/196270","targetHints":{"allow":["GET"]}}],"collection":[{"href":"https:\/\/www.europesays.com\/at\/wp-json\/wp\/v2\/posts"}],"about":[{"href":"https:\/\/www.europesays.com\/at\/wp-json\/wp\/v2\/types\/post"}],"author":[{"embeddable":true,"href":"https:\/\/www.europesays.com\/at\/wp-json\/wp\/v2\/users\/2"}],"replies":[{"embeddable":true,"href":"https:\/\/www.europesays.com\/at\/wp-json\/wp\/v2\/comments?post=196270"}],"version-history":[{"count":0,"href":"https:\/\/www.europesays.com\/at\/wp-json\/wp\/v2\/posts\/196270\/revisions"}],"wp:featuredmedia":[{"embeddable":true,"href":"https:\/\/www.europesays.com\/at\/wp-json\/wp\/v2\/media\/196271"}],"wp:attachment":[{"href":"https:\/\/www.europesays.com\/at\/wp-json\/wp\/v2\/media?parent=196270"}],"wp:term":[{"taxonomy":"category","embeddable":true,"href":"https:\/\/www.europesays.com\/at\/wp-json\/wp\/v2\/categories?post=196270"},{"taxonomy":"post_tag","embeddable":true,"href":"https:\/\/www.europesays.com\/at\/wp-json\/wp\/v2\/tags?post=196270"}],"curies":[{"name":"wp","href":"https:\/\/api.w.org\/{rel}","templated":true}]}}