{"id":196611,"date":"2026-06-03T23:02:45","date_gmt":"2026-06-03T23:02:45","guid":{"rendered":"https:\/\/www.europesays.com\/at\/196611\/"},"modified":"2026-06-03T23:02:45","modified_gmt":"2026-06-03T23:02:45","slug":"besonderer-moment-fuer-wien-papst-verleiht-gruenwidl-das-pallium","status":"publish","type":"post","link":"https:\/\/www.europesays.com\/at\/196611\/","title":{"rendered":"Besonderer Moment f\u00fcr Wien: Papst verleiht Gr\u00fcnwidl das Pallium"},"content":{"rendered":"<p>Anschlie\u00dfend wird der Papst die B\u00e4nder den neuen Leitern von Kirchenprovinzen umlegen.\u00a0Das\u00a0Pallium, ein mit sechs Kreuzen besticktes, etwa f\u00fcnf Zentimeter breites Band aus wei\u00dfer Lammwolle, d\u00fcrfen nur Erzbisch\u00f6fe tragen, die eine Kirchenprovinz leiten. In \u00d6sterreich sind\u00a0das\u00a0die Erzbisch\u00f6fe von\u00a0Wien\u00a0und Salzburg. Die\u00a0Wiener\u00a0Kirchenprovinz umfasst neben der Erzdi\u00f6zese\u00a0Wien\u00a0auch die Di\u00f6zesen Linz, St. P\u00f6lten und Eisenstadt. In einem Kathpress-Interview im Mai sagte\u00a0Erzbischof\u00a0Gr\u00fcnwidl\u00a0mit Blick auf die \u00dcbergabe des\u00a0Palliums: \u201cDieses Wollband mit den schwarzen Kreuzen erinnert mich noch st\u00e4rker an die Aufgabe und an\u00a0das\u00a0Geschenk, Hirte f\u00fcr die Menschen sein zu d\u00fcrfen.\u201d Auch sei es ein Symbol der tiefen Verbundenheit mit dem Papst, so der seit J\u00e4nner amtierende\u00a0Wiener\u00a0Erzbischof.<\/p>\n","protected":false},"excerpt":{"rendered":"Anschlie\u00dfend wird der Papst die B\u00e4nder den neuen Leitern von Kirchenprovinzen umlegen.\u00a0Das\u00a0Pallium, ein mit sechs Kreuzen besticktes, etwa&hellip;\n","protected":false},"author":2,"featured_media":196612,"comment_status":"","ping_status":"","sticky":false,"template":"","format":"standard","meta":{"footnotes":"","_share_on_mastodon":"0"},"categories":[28],"tags":[46,42,8165,38237,28342,769,44,58586,766,181,182],"class_list":["post-196611","post","type-post","status-publish","format-standard","has-post-thumbnail","category-wien","tag-at","tag-austria","tag-bedeutung","tag-erzbischof","tag-gruenwidl","tag-kirche","tag-oesterreich","tag-pallium","tag-papst","tag-vienna","tag-wien"],"share_on_mastodon":{"url":"https:\/\/pubeurope.com\/@at\/116688672877797597","error":""},"_links":{"self":[{"href":"https:\/\/www.europesays.com\/at\/wp-json\/wp\/v2\/posts\/196611","targetHints":{"allow":["GET"]}}],"collection":[{"href":"https:\/\/www.europesays.com\/at\/wp-json\/wp\/v2\/posts"}],"about":[{"href":"https:\/\/www.europesays.com\/at\/wp-json\/wp\/v2\/types\/post"}],"author":[{"embeddable":true,"href":"https:\/\/www.europesays.com\/at\/wp-json\/wp\/v2\/users\/2"}],"replies":[{"embeddable":true,"href":"https:\/\/www.europesays.com\/at\/wp-json\/wp\/v2\/comments?post=196611"}],"version-history":[{"count":0,"href":"https:\/\/www.europesays.com\/at\/wp-json\/wp\/v2\/posts\/196611\/revisions"}],"wp:featuredmedia":[{"embeddable":true,"href":"https:\/\/www.europesays.com\/at\/wp-json\/wp\/v2\/media\/196612"}],"wp:attachment":[{"href":"https:\/\/www.europesays.com\/at\/wp-json\/wp\/v2\/media?parent=196611"}],"wp:term":[{"taxonomy":"category","embeddable":true,"href":"https:\/\/www.europesays.com\/at\/wp-json\/wp\/v2\/categories?post=196611"},{"taxonomy":"post_tag","embeddable":true,"href":"https:\/\/www.europesays.com\/at\/wp-json\/wp\/v2\/tags?post=196611"}],"curies":[{"name":"wp","href":"https:\/\/api.w.org\/{rel}","templated":true}]}}