{"id":197892,"date":"2026-06-04T16:12:19","date_gmt":"2026-06-04T16:12:19","guid":{"rendered":"https:\/\/www.europesays.com\/at\/197892\/"},"modified":"2026-06-04T16:12:19","modified_gmt":"2026-06-04T16:12:19","slug":"papst-fordert-zu-fronleichnam-teilen-besonders-mit-armen-und-gerechtigkeit","status":"publish","type":"post","link":"https:\/\/www.europesays.com\/at\/197892\/","title":{"rendered":"Papst fordert zu Fronleichnam Teilen &#8211; besonders mit Armen &#8211; und Gerechtigkeit"},"content":{"rendered":"<p>Papst Leo XIV. hat sich zu Fronleichnam diesen Donnerstag in sozialen Medien ge\u00e4u\u00dfert. \u201eDie Eucharistie \u00f6ffnet uns f\u00fcr die Gerechtigkeit und das Teilen, mit einer besonderen Aufmerksamkeit f\u00fcr diejenigen, die die Last der Armut und Ausgrenzung tragen&#8220;, schrieb das katholische Kirchenoberhaupt auf seinem offiziellen X-Account @pontifex_de. Katholiken feiern an Fronleichnam die Gegenwart des auferstandenen Christus in den Gaben Brot und Wein.  <\/p>\n<p>     <a href=\"https:\/\/www.vaticannews.va\/de\/papst\/news\/2026-06\/papst-leo-xiv-fronleichnam-glauben-oeffentlich-bezeugen.html\" title=\"Papst zu Fronleichnam: Glauben \u00f6ffentlich bezeugen\" rel=\"nofollow noopener\" target=\"_blank\"><\/p>\n<p>        <img decoding=\"async\" src=\"data:image\/gif;base64,R0lGODlhAQABAIAAAAAAAP\/\/\/yH5BAEAAAAALAAAAAABAAEAAAIBRAA7\" data-original=\"https:\/\/www.vaticannews.va\/content\/dam\/vaticannews\/multimedia\/2026\/maggio\/07\/08.jpg\/_jcr_content\/renditions\/cq5dam.thumbnail.cropped.500.281.jpeg\" alt=\"Papst zu Fronleichnam: Glauben \u00f6ffentlich bezeugen\"\/><\/p>\n<p>      <\/a><\/p>\n<p>\n      Papst Leo XIV. hat dazu ermutigt, die Fronleichnamsprozessionen als \u00f6ffentliches Zeichen des Glaubens lebendig zu halten. Bei der Generalaudienz an diesem Mittwoch erinnerte er an &#8230;\n     <\/p>\n<p>Der Papst erinnerte mit seinem Post auch daran, dass es beim Brotbrechen ums Teilen geht. Daf\u00fcr w\u00e4hlte er ein Zitat aus seiner <a href=\"https:\/\/www.vaticannews.va\/de\/papst\/news\/2026-05\/papst-synodenaula-kuenstliche-intelligenz-magnifica-humanitas.html\" target=\"_blank\" rel=\"nofollow noopener\">am Pfingstmontag in seiner Anwesenheit vorgestellten<\/a>\u00a0<a href=\"https:\/\/www.vatican.va\/content\/leo-xiv\/de\/encyclicals\/documents\/20260515-magnifica-humanitas.html\" target=\"_blank\" rel=\"external nofollow noopener\">Enzyklika Magnifica humanitas<\/a>. In zwei weiteren Posts auf X zitierte das katholische Kirchenoberhaupt ebenfalls Stellen aus seinem Schreiben, in dem er in Zeiten von KI und rasantem Wandel an die katholische Soziallehre und die W\u00fcrde der Menschen erinnert.\u00a0<\/p>\n<p>\u201eW\u00e4hrend die neuen wirtschaftlichen und technologischen Netzwerke Ausgrenzung, Isolation und Abh\u00e4ngigkeiten hervorrufen k\u00f6nnen, ist die von der Eucharistie gen\u00e4hrte Kirche aufgerufen, einen anderen Ma\u00dfstab sichtbar zu machen, indem sie Bindungen bewahrt, den Unsichtbaren wieder eine Stimme gibt und die Entwicklungen auf die W\u00fcrde der Menschen ausrichtet&#8220;, fordert Papst Leo in Magnifica humanitas &#8211; dies betonte er nun zum Fest Corpus domini auf X noch einmal. Der Papst postete dort au\u00dferdem ein weiteres Zitat seines Schreibens:\u00a0\u00a0<\/p>\n<p>\u201eIn der Eucharistie wird sichtbar, dass wir die Kirche Christi sind, wir sind seine Glieder, sein Leib. Wir sind Br\u00fcder und Schwestern in ihm. Und in Christus sind wir, obwohl wir viele und unterschiedlich sind, eins: ,In Illo uno unum`\u201c &#8211; so Papst Leo auch in Anspielung auf sein bisch\u00f6fliches Motto \u201eIn Illo uno unum\u201c: Worte, die der heilige Augustinus in einer Predigt &#8211; der Auslegung von Psalm 127 &#8211; zitierte, um zu betonen, dass \u201ewir Christen zwar viele sind, aber in dem\u00a0einen\u00a0Christus eins sind\u201c.<\/p>\n<p>\u201eMagnifica humanitas. \u00dcber den Schutz des Menschen im Zeitalter der K\u00fcnstlichen Intelligenz\u201c ist am 25. Mai 2026 erschienen.\u00a0Hier geht es zum\u00a0<a href=\"https:\/\/www.vatican.va\/content\/leo-xiv\/de\/encyclicals\/documents\/20260515-magnifica-humanitas.html\" rel=\"external nofollow noopener\" target=\"_blank\">Wortlaut des Dokuments<\/a>\u00a0in der amtlichen \u00dcbersetzung auf Deutsch.<\/p>\n<p>(vatican news &#8211; sst)<\/p>\n","protected":false},"excerpt":{"rendered":"Papst Leo XIV. hat sich zu Fronleichnam diesen Donnerstag in sozialen Medien ge\u00e4u\u00dfert. \u201eDie Eucharistie \u00f6ffnet uns f\u00fcr&hellip;\n","protected":false},"author":2,"featured_media":197893,"comment_status":"","ping_status":"","sticky":false,"template":"","format":"standard","meta":{"footnotes":"","_share_on_mastodon":"0"},"categories":[12],"tags":[20075,58810,57174,13222,4699,52163,1518,40,41,2859,39,4579,66,18504,65,64],"class_list":["post-197892","post","type-post","status-publish","format-standard","has-post-thumbnail","category-welt","tag-armut","tag-eucharistie","tag-fronleichnam","tag-gerechtigkeit","tag-katholische-kirche","tag-magnifica-humanitas","tag-menschenrechte","tag-nachrichten","tag-news","tag-papst-leo-xiv","tag-schlagzeilen","tag-solidaritaet","tag-welt","tag-wissenschaft-und-technik","tag-world","tag-world-news"],"share_on_mastodon":{"url":"https:\/\/pubeurope.com\/@at\/116692723153510938","error":""},"_links":{"self":[{"href":"https:\/\/www.europesays.com\/at\/wp-json\/wp\/v2\/posts\/197892","targetHints":{"allow":["GET"]}}],"collection":[{"href":"https:\/\/www.europesays.com\/at\/wp-json\/wp\/v2\/posts"}],"about":[{"href":"https:\/\/www.europesays.com\/at\/wp-json\/wp\/v2\/types\/post"}],"author":[{"embeddable":true,"href":"https:\/\/www.europesays.com\/at\/wp-json\/wp\/v2\/users\/2"}],"replies":[{"embeddable":true,"href":"https:\/\/www.europesays.com\/at\/wp-json\/wp\/v2\/comments?post=197892"}],"version-history":[{"count":0,"href":"https:\/\/www.europesays.com\/at\/wp-json\/wp\/v2\/posts\/197892\/revisions"}],"wp:featuredmedia":[{"embeddable":true,"href":"https:\/\/www.europesays.com\/at\/wp-json\/wp\/v2\/media\/197893"}],"wp:attachment":[{"href":"https:\/\/www.europesays.com\/at\/wp-json\/wp\/v2\/media?parent=197892"}],"wp:term":[{"taxonomy":"category","embeddable":true,"href":"https:\/\/www.europesays.com\/at\/wp-json\/wp\/v2\/categories?post=197892"},{"taxonomy":"post_tag","embeddable":true,"href":"https:\/\/www.europesays.com\/at\/wp-json\/wp\/v2\/tags?post=197892"}],"curies":[{"name":"wp","href":"https:\/\/api.w.org\/{rel}","templated":true}]}}