{"id":198006,"date":"2026-06-04T17:49:12","date_gmt":"2026-06-04T17:49:12","guid":{"rendered":"https:\/\/www.europesays.com\/at\/198006\/"},"modified":"2026-06-04T17:49:12","modified_gmt":"2026-06-04T17:49:12","slug":"kinderernaehrung-obst-und-gemuese-stabilisieren-stimmung-messbar","status":"publish","type":"post","link":"https:\/\/www.europesays.com\/at\/198006\/","title":{"rendered":"Kinderern\u00e4hrung: Obst und Gem\u00fcse stabilisieren Stimmung messbar"},"content":{"rendered":"<p>Aktuelle Forschung zeigt messbaren Zusammenhang zwischen Ern\u00e4hrung und psychischer Stabilit\u00e4t bei Kindern und Jugendlichen. Darm-Hirn-Achse im Fokus.<\/p>\n<p>Aktuelle Studien aus dem Fr\u00fchjahr 2026 belegen einen messbaren Zusammenhang zwischen der Ern\u00e4hrung von Kindern und Jugendlichen und ihrer Stimmung, Konzentrationsf\u00e4higkeit und ihrem Verhalten. Besonders die sogenannte Darm-Hirn-Achse r\u00fcckt dabei in den Fokus.<\/p>\n<p>Korrelation zwischen Obstkonsum und psychischer Stabilit\u00e4t<\/p>\n<p>Heute ver\u00f6ffentlichte Auswertungen von \u00fcber 7.800 Kindern zeigen einen deutlichen Zusammenhang: Wer regelm\u00e4\u00dfig Obst und Gem\u00fcse isst, zeigt eine stabilere Stimmung. Fachkreise betonen die Bedeutung einer ballaststoffreichen Kost f\u00fcr die Kommunikation zwischen Darm und Gehirn.<\/p>\n<p>Anzeige: Die neue Studienlage ist klar: Obst und Gem\u00fcse stabilisieren die Stimmung Ihres Kindes messbar \u2013 ungesunde Snacks hingegen verschlechtern das Verhalten noch st\u00e4rker. Mit dem 7-Tage-Ern\u00e4hrungsplan setzen Sie die Erkenntnisse sofort im Alltag um. <a href=\"https:\/\/www.dnv-media.de\/lp\/report\/obst-und-gemuese-stabilisieren-kinderstimmung-messbar-1593?adref=Blog_DNV:Ex-Article-ID_950675:Topic_nutrition_diet:Source_DNV_Dynamic_LP&amp;lp=1593\" rel=\"noopener nofollow\" style=\"color: #337ab7 !important; font-weight: bold; text-decoration: underline;\" target=\"_blank\">7-Tage-Plan jetzt kostenlos anfordern<\/a><\/p>\n<p>Eine am 2. Juni ver\u00f6ffentlichte Studie der University of Agder untersuchte das Verhalten von 363 norwegischen Vierj\u00e4hrigen. Die Ergebnisse: Kinder mit hohem Obst- und Gem\u00fcsekonsum zeigen weniger Angst und Unruhe. Der h\u00e4ufige Verzehr von s\u00fc\u00dfen oder salzigen Snacks hingegen korrelierte mit mehr st\u00f6rendem Verhalten. Bemerkenswert: Der negative Effekt ungesunder Nahrungsmittel \u00fcbertraf den Schutzeffekt gesunder Lebensmittel statistisch.<\/p>\n<p>Auch f\u00fcr Jugendliche liegen neue Erkenntnisse vor. Eine im Fachmagazin Nutrients ver\u00f6ffentlichte Untersuchung an 86 Probanden stellte fest: Eine strikte Mittelmeerdi\u00e4t geht mit niedrigeren Werten bei sozialer Phobie und Trennungsangst einher. Interessanterweise scheint sogar die Ern\u00e4hrung der Mutter w\u00e4hrend der Schwangerschaft langfristige Auswirkungen zu haben.<\/p>\n<p>Die Rolle des Mikrobioms<\/p>\n<p>Die Vielfalt der Darmflora gilt als wesentlicher Faktor f\u00fcr die psychische Gesundheit. Eine heute publizierte Studie der Universit\u00e4t Z\u00fcrich verglich Stuhlproben von \u00fcber 200 Kindern aus \u00c4thiopien. Das Ergebnis: Kinder in l\u00e4ndlichen Regionen haben ein deutlich vielf\u00e4ltigeres Mikrobiom als Stadtkinder, deren Darmflora bereits stark europ\u00e4ischen Mustern \u00e4hnelt. Als entscheidender Faktor wurde das traditionelle Fladenbrot aus fermentiertem Teff identifiziert.<\/p>\n<p>Parallel gewinnt das Thema Ballaststoffe unter dem Begriff \u201eFibremaxxing\u201c an medialer Aufmerksamkeit. In der Schweiz liegt der durchschnittliche Konsum bei etwa 20 Gramm t\u00e4glich \u2013 empfohlen werden 30 Gramm. Der Anstieg von Darmkrebsf\u00e4llen bei unter 50-J\u00e4hrigen seit 1980 unterstreicht die Relevanz einer ballaststoffreichen Ern\u00e4hrung bereits in jungen Jahren.<\/p>\n<p>Strukturelle Herausforderungen<\/p>\n<p>Trotz der wissenschaftlichen Erkenntnisse bleibt die Umsetzung im Alltag vieler Familien schwierig. Ein WHO-Bericht vom Mai 2026 empfiehlt, Schulen verst\u00e4rkt als Plattform f\u00fcr Ern\u00e4hrungsumstellungen zu nutzen. Als Beispiel dient Vietnam: Dort wurde Untergewicht bei Kindern zwischen 2010 und 2020 zwar halbiert, gleichzeitig stieg die Rate an \u00dcbergewicht von 8,5 auf 19 Prozent. Die WHO fordert nationale Standards f\u00fcr Schulverpflegung und striktere Werbeverbote.<\/p>\n<p>In Deutschland wurde zum 1. Juni die Forderung laut, die Zahl der Schulgesundheitsfachkr\u00e4fte massiv auszuweiten. Ein B\u00fcndnis verlangt die Schaffung von 10.000 Stellen \u2013 derzeit sind lediglich 137 Fachkr\u00e4fte im Einsatz. Auch der private Sektor beteiligt sich: Auf einem Kindergesundheitsgipfel am 2. Juni in Berlin k\u00fcndigte Lidl an, j\u00e4hrlich 970 Tonnen Lebensmittel f\u00fcr kostenlose Schulfr\u00fchst\u00fccke zu spenden und Zucker sowie Salz in Eigenmarken zu reduzieren.<\/p>\n<p>Anzeige: Ballaststoffe sind der Schl\u00fcssel zur Darm-Hirn-Achse \u2013 doch der durchschnittliche Konsum liegt bei nur 20 Gramm t\u00e4glich, empfohlen werden 30 Gramm. Unsere Checkliste zeigt die 10 ballaststoffreichsten Lebensmittel, die Ihr Kind gerne isst. <a href=\"https:\/\/www.dnv-media.de\/lp\/report\/obst-und-gemuese-stabilisieren-kinderstimmung-messbar-1593?adref=Blog_DNV:Ex-Article-ID_950675:Topic_nutrition_diet:Source_DNV_Dynamic_LP&amp;lp=1593\" rel=\"noopener nofollow\" style=\"color: #337ab7 !important; font-weight: bold; text-decoration: underline;\" target=\"_blank\">Checkliste jetzt sichern<\/a><\/p>\n<p>Skepsis gegen\u00fcber Nahrungserg\u00e4nzungsmitteln<\/p>\n<p>W\u00e4hrend eine ausgewogene Ern\u00e4hrung als f\u00f6rderlich gilt, raten Experten zur Zur\u00fcckhaltung bei Supplementen f\u00fcr Kinder. F\u00fcr viele Produkte wie Kollagen-Pr\u00e4parate fehlt die wissenschaftliche Evidenz f\u00fcr einen Nutzen bei Minderj\u00e4hrigen. Eine Meta-Analyse mit 26 Studien und 1.721 Teilnehmern bezog sich prim\u00e4r auf Erwachsene \u2013 die EU-Beh\u00f6rden erkannten entsprechende Werbeversprechen nicht an.<\/p>\n<p>Neben den Inhaltsstoffen spielt auch die Regelm\u00e4\u00dfigkeit der Mahlzeiten eine Rolle. Eine am 3. Juni ver\u00f6ffentlichte Studie des Seoul St. Mary\u2019s Hospital an rund 22.000 Erwachsenen zeigte: Unregelm\u00e4\u00dfige Esser haben ein 1,55-fach h\u00f6heres Risiko f\u00fcr depressive Symptome. Besonders der Verzicht auf das Fr\u00fchst\u00fcck und sp\u00e4tes Essen nach 21 Uhr wurden als Risikofaktoren identifiziert \u2013 ein klares Pl\u00e4doyer f\u00fcr feste Ern\u00e4hrungsstrukturen von Kindheit an.<\/p>\n","protected":false},"excerpt":{"rendered":"Aktuelle Forschung zeigt messbaren Zusammenhang zwischen Ern\u00e4hrung und psychischer Stabilit\u00e4t bei Kindern und Jugendlichen. Darm-Hirn-Achse im Fokus. Aktuelle&hellip;\n","protected":false},"author":2,"featured_media":198007,"comment_status":"","ping_status":"","sticky":false,"template":"","format":"standard","meta":{"footnotes":"","_share_on_mastodon":"0"},"categories":[20],"tags":[140,46,42,37458,137,83,610,124,123,13083,58841,5658,44,5140,9766],"class_list":["post-198006","post","type-post","status-publish","format-standard","has-post-thumbnail","category-gesundheit","tag-aktuelle","tag-at","tag-austria","tag-darm-hirn-achse","tag-ernaehrung","tag-fokus","tag-forschung","tag-gesundheit","tag-health","tag-jugendlichen","tag-kinderernaehrung","tag-obst","tag-oesterreich","tag-stabilitaet","tag-stimmung"],"share_on_mastodon":{"url":"https:\/\/pubeurope.com\/@at\/116693104294270084","error":""},"_links":{"self":[{"href":"https:\/\/www.europesays.com\/at\/wp-json\/wp\/v2\/posts\/198006","targetHints":{"allow":["GET"]}}],"collection":[{"href":"https:\/\/www.europesays.com\/at\/wp-json\/wp\/v2\/posts"}],"about":[{"href":"https:\/\/www.europesays.com\/at\/wp-json\/wp\/v2\/types\/post"}],"author":[{"embeddable":true,"href":"https:\/\/www.europesays.com\/at\/wp-json\/wp\/v2\/users\/2"}],"replies":[{"embeddable":true,"href":"https:\/\/www.europesays.com\/at\/wp-json\/wp\/v2\/comments?post=198006"}],"version-history":[{"count":0,"href":"https:\/\/www.europesays.com\/at\/wp-json\/wp\/v2\/posts\/198006\/revisions"}],"wp:featuredmedia":[{"embeddable":true,"href":"https:\/\/www.europesays.com\/at\/wp-json\/wp\/v2\/media\/198007"}],"wp:attachment":[{"href":"https:\/\/www.europesays.com\/at\/wp-json\/wp\/v2\/media?parent=198006"}],"wp:term":[{"taxonomy":"category","embeddable":true,"href":"https:\/\/www.europesays.com\/at\/wp-json\/wp\/v2\/categories?post=198006"},{"taxonomy":"post_tag","embeddable":true,"href":"https:\/\/www.europesays.com\/at\/wp-json\/wp\/v2\/tags?post=198006"}],"curies":[{"name":"wp","href":"https:\/\/api.w.org\/{rel}","templated":true}]}}