{"id":198432,"date":"2026-06-04T23:23:09","date_gmt":"2026-06-04T23:23:09","guid":{"rendered":"https:\/\/www.europesays.com\/at\/198432\/"},"modified":"2026-06-04T23:23:09","modified_gmt":"2026-06-04T23:23:09","slug":"geheimnisvolle-ddr-insel-in-der-ostsee-versteigert-was-haetten-sie-bezahlt-regional","status":"publish","type":"post","link":"https:\/\/www.europesays.com\/at\/198432\/","title":{"rendered":"Geheimnisvolle DDR-Insel in der Ostsee versteigert: Was h\u00e4tten Sie bezahlt? | Regional"},"content":{"rendered":"<p><a class=\"skip-content skip-content--link\" href=\"#in-content-skip-link-target-v-0-0\">TTS-Player \u00fcberspringen\u21b5<\/a><a id=\"in-content-skip-link-target-v-0-0\" class=\"skip-content--target-link-hidden skip-content skip-content--target-link\" href=\"#in-content-skip-link-target-v-0-0\">Artikel weiterlesen<\/a><\/p>\n<p data-780e759e=\"0-1274\">R\u00fcgen\/Hamburg\u00a0\u2013 Zum ersten, zum zweiten, zum dritten. Der Hammer ist gefallen. Die marode Ostsee-Insel \u201eOstervilm\u201c aus DDR-Zeiten wurde f\u00fcr 60.000 Euro verkauft. Das Mindestgebot lag bei 39.000 Euro. Nach 20 Geboten war Schluss. <\/p>\n<p data-780e759e=\"0-1274\">Das \u00f6sterreichische <a href=\"https:\/\/www.bild.de\/themen\/organisationen\/unternehmen\/news-fotos-videos-5n9Nevv68FAFS89DJteg\" class=\"text-link\" rel=\"nofollow noopener\" target=\"_blank\">Unternehmen<\/a> McCube sicherte sich den Zuschlag. Die Firma ist auf modulare Fertigh\u00e4user spezialisiert. Versteigert wurde die fr\u00fchere DDR-Entmagnetisierungsstation s\u00fcd\u00f6stlich von R\u00fcgen. Die <a href=\"https:\/\/www.bild.de\/themen\/specials\/inseln\/reise-news-fotos-videos-17023774.bild.html\" class=\"text-link\" rel=\"nofollow noopener\" target=\"_blank\">Insel<\/a> liegt drei Kilometer \u00f6stlich der Naturschutzinsel Vilm im Greifswalder Bodden.<\/p>\n<p>F\u00fcr 60.000 Euro versteigert: DDR-Geisterort soll Hochzeitsinsel werden<a class=\"anchor video-teaser__anchor\" href=\"https:\/\/www.bild.de\/news\/lost-place-ostervilm-ddr-geisterort-soll-hochzeitsinsel-werden-6a2182e93807a686af77db92\" rel=\"nofollow noopener\" target=\"_blank\"><img decoding=\"async\" width=\"992\" height=\"558\" alt=\"Lost Place Ostervilm: DDR-Geisterort soll Hochzeitsinsel werden\" src=\"https:\/\/www.europesays.com\/at\/wp-content\/uploads\/2026\/06\/bf577f0904717013886c133f69a39a45,d7b8e5a1.jpeg\"   class=\"landscape teaser__image\" loading=\"lazy\"\/><\/a><\/p>\n<p>Quelle: TNN\/dpa, BILD 04.06.2026<\/p>\n<p>So besonders ist die Insel in der Ostsee<\/p>\n<p data-780e759e=\"0-1274\">Die Plattform gilt als eines der ungew\u00f6hnlichsten Immobilienangebote Deutschlands. Ein gruseliger Lost Place mitten auf dem Wasser der <a href=\"https:\/\/www.bild.de\/regional\/ostsee\/home-O1xq8oqQGpREURRHzcKl\" class=\"text-link\" rel=\"nofollow noopener\" target=\"_blank\">Ostsee<\/a>: ein verfallenes Wohnhaus und technische Anlagen. Laut Objektbeschreibung handelt es sich um eine Plattform aus Betonrahmen, verkleidet mit Eisenplatten und Holzbohlen, die auf 600 Pf\u00e4hlen steht. 250 Quadratmeter Fl\u00e4che ragen aus dem Bodden.<\/p>\n<p data-780e759e=\"0-1274\">Oliver Pesendorfer (59), Chef von McCube, kann sich vorstellen, die k\u00fcnstliche Insel als Kultur- und Veranstaltungsort zu nutzen. Auch Hochzeiten auf der Plattform seien m\u00f6glich. Vor etwa zehn Jahren war zuletzt ein Versuch gescheitert, die Station in eine Ferienanlage umzubauen. <\/p>\n<p><img decoding=\"async\" width=\"992\" height=\"558\" alt=\"In einem besseren Zustand, im Jahr 1979: Ehemalige Entmagnetisierungsstation Lauterbach\" src=\"https:\/\/www.europesays.com\/at\/wp-content\/uploads\/2026\/06\/1427c78ac408483d4efcb7787d9e53df,5c52ffde.jpeg\"   class=\"landscape\" loading=\"lazy\"\/><\/p>\n<p class=\"fig__caption__text\">Die Insel in der Ostsee war 1978 noch in einem besseren Zustand<\/p>\n<p>Foto: Wasser und Schifffahrtsamt Stralsund<\/p>\n<p data-780e759e=\"0-1274\">Trotz ihres maroden Zustands sorgte die <a href=\"https:\/\/www.bild.de\/geld\/immobilien\/immobilien\/home-15703872.bild.html\" class=\"text-link\" rel=\"nofollow noopener\" target=\"_blank\">Immobilie<\/a> vor der Auktion f\u00fcr gro\u00dfe Aufmerksamkeit. \u201eWir haben t\u00e4glich Telefonate aus ganz Deutschland gef\u00fchrt, mit Dutzenden, wahrscheinlich sogar mehreren Hundert Interessierten, die neugierig waren\u201c, sagt Kai Rocholl, Vorstand der zust\u00e4ndigen Norddeutschen Grundst\u00fccksauktionen AG.<\/p>\n<p>Das sagt der K\u00e4ufer der Insel<\/p>\n<p data-780e759e=\"1275-2318\">Pesendorfer hat die Insel bei der <a href=\"https:\/\/www.bild.de\/themen\/ereignisse\/auktion\/news-nachrichten-news-fotos-videos-19835562.bild.html\" class=\"text-link\" rel=\"nofollow noopener\" target=\"_blank\">Auktion<\/a> alleine ersteigert. Doch noch vor der Versteigerung hatte er bereits einen Gesch\u00e4ftspartner gefunden. Pesendorfer zu BILD: \u201eM\u00f6glicherweise finden wir Synergien, <a href=\"https:\/\/www.bild.de\/regional\/ostsee\/ddrgeisterinsel-vor-ruegen-wird-versteigert-69f5bc8e23e6b3dbf3c967b1\" class=\"text-link\" rel=\"nofollow noopener\" target=\"_blank\">wie man die Insel nutzen kann<\/a>.\u201c  <\/p>\n<p><img decoding=\"async\" width=\"992\" height=\"558\" alt=\"\u201eSch\u00f6ner Wohnen\u201c sieht anders aus\" src=\"https:\/\/www.europesays.com\/at\/wp-content\/uploads\/2026\/06\/00b76fa884ce2023aeabe4e1e1f49c06,68c21824.jpeg\"   class=\"landscape\" loading=\"lazy\"\/><\/p>\n<p class=\"fig__caption__text\">So sieht es auf der Insel aus<\/p>\n<p>Foto: imago\/Jens Koehler<\/p>\n<p data-780e759e=\"1275-2318\">Errichtet wurde die Anlage 1954 f\u00fcr die Nationale Volksarmee (NVA) der <a href=\"https:\/\/www.bild.de\/themen\/orte\/ddr\/politik-nachrichten-news-fotos-videos-20442104.bild.html\" class=\"text-link\" rel=\"nofollow noopener\" target=\"_blank\">DDR<\/a>. Der Zutritt war verboten. Nur wenige Matrosen waren dort stationiert. Die Marinesoldaten neutralisierten die Magnetfelder von Schiffen. In der Station wurde \u00fcber im Wasser verlegte Kabel ein Gegenfeld erzeugt. So sollten die Schiffe vor Minen und Torpedos gesch\u00fctzt werden. <\/p>\n<p>Mehr zum Thema<\/p>\n<p data-780e759e=\"1275-2318\">Nach dem Fall der Mauer brauchte die Bundeswehr die \u201eEntmagnetisierungsstation Lauterbach\u201c nicht mehr. Die Anlage verrottete.<\/p>\n","protected":false},"excerpt":{"rendered":"TTS-Player \u00fcberspringen\u21b5Artikel weiterlesen R\u00fcgen\/Hamburg\u00a0\u2013 Zum ersten, zum zweiten, zum dritten. Der Hammer ist gefallen. Die marode Ostsee-Insel \u201eOstervilm\u201c&hellip;\n","protected":false},"author":2,"featured_media":198433,"comment_status":"","ping_status":"","sticky":false,"template":"","format":"standard","meta":{"footnotes":"","_share_on_mastodon":"0"},"categories":[8],"tags":[284,19571,3072,5700,45980,14519,40,41,19155,58926,45979,39,56638,19580,38,7027,43354],"class_list":["post-198432","post","type-post","status-publish","format-standard","has-post-thumbnail","category-nachrichten","tag-auktionen","tag-auktionshaus","tag-ddr","tag-immobilien","tag-inseln","tag-marine","tag-nachrichten","tag-news","tag-ostsee","tag-ostseeinseln","tag-ruegen","tag-schlagzeilen","tag-schroeder-dino","tag-seo-first","tag-top-meldungen","tag-verkauf","tag-versteigerung"],"share_on_mastodon":{"url":"https:\/\/pubeurope.com\/@at\/116694418004637727","error":""},"_links":{"self":[{"href":"https:\/\/www.europesays.com\/at\/wp-json\/wp\/v2\/posts\/198432","targetHints":{"allow":["GET"]}}],"collection":[{"href":"https:\/\/www.europesays.com\/at\/wp-json\/wp\/v2\/posts"}],"about":[{"href":"https:\/\/www.europesays.com\/at\/wp-json\/wp\/v2\/types\/post"}],"author":[{"embeddable":true,"href":"https:\/\/www.europesays.com\/at\/wp-json\/wp\/v2\/users\/2"}],"replies":[{"embeddable":true,"href":"https:\/\/www.europesays.com\/at\/wp-json\/wp\/v2\/comments?post=198432"}],"version-history":[{"count":0,"href":"https:\/\/www.europesays.com\/at\/wp-json\/wp\/v2\/posts\/198432\/revisions"}],"wp:featuredmedia":[{"embeddable":true,"href":"https:\/\/www.europesays.com\/at\/wp-json\/wp\/v2\/media\/198433"}],"wp:attachment":[{"href":"https:\/\/www.europesays.com\/at\/wp-json\/wp\/v2\/media?parent=198432"}],"wp:term":[{"taxonomy":"category","embeddable":true,"href":"https:\/\/www.europesays.com\/at\/wp-json\/wp\/v2\/categories?post=198432"},{"taxonomy":"post_tag","embeddable":true,"href":"https:\/\/www.europesays.com\/at\/wp-json\/wp\/v2\/tags?post=198432"}],"curies":[{"name":"wp","href":"https:\/\/api.w.org\/{rel}","templated":true}]}}