{"id":200140,"date":"2026-06-05T19:12:07","date_gmt":"2026-06-05T19:12:07","guid":{"rendered":"https:\/\/www.europesays.com\/at\/200140\/"},"modified":"2026-06-05T19:12:07","modified_gmt":"2026-06-05T19:12:07","slug":"gegluecktes-soendergaard-debuet-oefb-frauen-gewinnen-jubilaeumsspiel","status":"publish","type":"post","link":"https:\/\/www.europesays.com\/at\/200140\/","title":{"rendered":"Gegl\u00fccktes S\u00f6ndergaard-Deb\u00fct: \u00d6FB-Frauen gewinnen Jubil\u00e4umsspiel"},"content":{"rendered":"<p>Das \u00f6sterreichische Frauen-Nationalteam hat im 250. <a href=\"https:\/\/www.laola1.at\/de\/daten\/news\/laenderspiel\/\" class=\"tag\" rel=\"nofollow noopener\" target=\"_blank\">L\u00e4nderspiel<\/a> der Geschichte den ersten Sieg in dieser WM-Qualifikation gefeiert.<\/p>\n<p>Beim Deb\u00fct von Teamchef <a href=\"https:\/\/www.laola1.at\/de\/daten\/news\/lars-soendergaard\/\" class=\"tag\" rel=\"nofollow noopener\" target=\"_blank\">Lars S\u00f6ndergaard<\/a> feiert \u00d6sterreich am Sportclub-Platz vor 3.350 Fans einen 1:0-Sieg \u00fcber Slowenien. Damit ist die Revanche f\u00fcr die 0:1-Niederlage in Koper Anfang M\u00e4rz gegl\u00fcckt.<\/p>\n<p>Die \u00d6sterreicherinnen beginnen sehr aktiv und mit viel Ballbesitz, Chiara D&#8217;Angelo wird gleich zu Beginn mit einer Doppelchance gef\u00e4hrlich (5.\/6.). Nach etwas mehr als zehn Minuten kommen die G\u00e4ste aber besser ins Spiel.<\/p>\n<p>W\u00e4hrend Verena Hanshaw kurz darauf auf der Linie kl\u00e4ren kann (14.), werden die Sloweninnen vor allem durch hohe B\u00e4lle und Standards gef\u00e4hrlich, Kaja Korosec l\u00e4sst eine gute Chance zur F\u00fchrung der &#8222;Drachen&#8220; aus (32.).<\/p>\n<p>Kurz vor dem Seitenwechsel haben aber die \u00d6FB-Frauen noch eine M\u00f6glichkeit zur F\u00fchrung, Eileen Campbell trifft aber nur die Stange (45.).<\/p>\n<p>Naschenweng l\u00e4sst \u00d6FB-Frauen jubeln<\/p>\n<p>Die S\u00f6ndergaard-Truppe kommt mit Schwung aus der Kabine und belohnt sich in Minute 54 mit dem 1:0: D&#8217;Angelos Flanke findet Julia Hickelsberger-F\u00fcller, deren Abschluss die slowenische Torfrau Zala Mersnik noch von der Linie kratzen kann, Katharina Naschenweng wuchtet den Ball per Abstauber aber \u00fcber die Linie.<\/p>\n<p>Die \u00d6sterreicherinnen bleiben auch im Anschluss am Dr\u00fccker, Naschenweng trifft bei einem Fernschuss aber nur die Latte (72.).<\/p>\n<p>In der Schlussphase kann sich \u00d6FB-Torfrau Mariella El Sherif mit einer Parade auszeichnen (81.). Trotz gro\u00dfen Drucks der Sloweninnen in der Schlussphase h\u00e4lt die Defensive der Gastgeberinnen Stand. In den Schlusssekunden treffen die G\u00e4ste noch die Latte (90.+4).<\/p>\n<p>Mit dem gegl\u00fcckten Deb\u00fct von S\u00f6ndergaard zieht \u00d6sterreich an Slowenien in der Tabelle der Gruppe A4 vorbei und hat nun einen Z\u00e4hler Vorsprung. Auf Norwegen fehlen f\u00fcnf Punkte, auf die f\u00fchrenden Deutschen sechs Punkte &#8211; das Parallelspiel findet erst sp\u00e4ter am Abend statt.<\/p>\n","protected":false},"excerpt":{"rendered":"Das \u00f6sterreichische Frauen-Nationalteam hat im 250. L\u00e4nderspiel der Geschichte den ersten Sieg in dieser WM-Qualifikation gefeiert. Beim Deb\u00fct&hellip;\n","protected":false},"author":2,"featured_media":200141,"comment_status":"","ping_status":"","sticky":false,"template":"","format":"standard","meta":{"footnotes":"","_share_on_mastodon":"0"},"categories":[8],"tags":[12239,964,37226,24947,46623,40,41,12240,7516,39,38,12241],"class_list":["post-200140","post","type-post","status-publish","format-standard","has-post-thumbnail","category-nachrichten","tag-frauen-fussball","tag-fussball","tag-katharina-naschenweng","tag-laenderspiel","tag-lars-soendergaard","tag-nachrichten","tag-news","tag-oefb-frauen-team","tag-oefb-team","tag-schlagzeilen","tag-top-meldungen","tag-wm-qualifikation"],"share_on_mastodon":{"url":"https:\/\/pubeurope.com\/@at\/116699093078200556","error":""},"_links":{"self":[{"href":"https:\/\/www.europesays.com\/at\/wp-json\/wp\/v2\/posts\/200140","targetHints":{"allow":["GET"]}}],"collection":[{"href":"https:\/\/www.europesays.com\/at\/wp-json\/wp\/v2\/posts"}],"about":[{"href":"https:\/\/www.europesays.com\/at\/wp-json\/wp\/v2\/types\/post"}],"author":[{"embeddable":true,"href":"https:\/\/www.europesays.com\/at\/wp-json\/wp\/v2\/users\/2"}],"replies":[{"embeddable":true,"href":"https:\/\/www.europesays.com\/at\/wp-json\/wp\/v2\/comments?post=200140"}],"version-history":[{"count":0,"href":"https:\/\/www.europesays.com\/at\/wp-json\/wp\/v2\/posts\/200140\/revisions"}],"wp:featuredmedia":[{"embeddable":true,"href":"https:\/\/www.europesays.com\/at\/wp-json\/wp\/v2\/media\/200141"}],"wp:attachment":[{"href":"https:\/\/www.europesays.com\/at\/wp-json\/wp\/v2\/media?parent=200140"}],"wp:term":[{"taxonomy":"category","embeddable":true,"href":"https:\/\/www.europesays.com\/at\/wp-json\/wp\/v2\/categories?post=200140"},{"taxonomy":"post_tag","embeddable":true,"href":"https:\/\/www.europesays.com\/at\/wp-json\/wp\/v2\/tags?post=200140"}],"curies":[{"name":"wp","href":"https:\/\/api.w.org\/{rel}","templated":true}]}}