{"id":200304,"date":"2026-06-05T21:29:07","date_gmt":"2026-06-05T21:29:07","guid":{"rendered":"https:\/\/www.europesays.com\/at\/200304\/"},"modified":"2026-06-05T21:29:07","modified_gmt":"2026-06-05T21:29:07","slug":"frauen-wm-quali-soendergaard-einstand-geglueckt-oefb-frauen-feiern-10-gegen-slowenien","status":"publish","type":"post","link":"https:\/\/www.europesays.com\/at\/200304\/","title":{"rendered":"Frauen-WM-Quali &#8211; S\u00f6ndergaard-Einstand gegl\u00fcckt: \u00d6FB-Frauen feiern 1:0 gegen Slowenien"},"content":{"rendered":"<p>        <img decoding=\"async\" src=\"https:\/\/www.europesays.com\/at\/wp-content\/uploads\/2026\/06\/img-V3zp8TjxM9YpxOUD.jpeg\" data-fullscreen-src=\"https:\/\/www.noen.at\/image\/3840x0-jpg\/6444081\/img-V3zp8TjxM9YpxOUD.jpeg\" bad-src=\"https:\/\/www.europesays.com\/at\/wp-content\/uploads\/2026\/06\/img-V3zp8TjxM9YpxOUD.jpeg\" data-teaser-member=\"image\" alt=\"FUSSBALL: WM-QUALIFIKATION \/ FRAUEN \/ 5. RUNDE: \u00d6STERREICH - SLOWENIEN\"\/><\/p>\n<p>\n                ABD0033_20260605 &#8211; WIEN &#8211; \u00d6STERREICH: Torjubel \u00d6sterreich am Freitag 5. Juni 2026 w\u00e4hrend der 5. Runde der FIFA Frauen WM-Qualifikation zwischen \u00d6sterreich und Slowenien, in Wien. &#8211; FOTO: APA\/MAX SLOVENCIK            <\/p>\n<p>\n                Foto:<br \/>\n                APA\/MAX SLOVENCIK, MAX SLOVENCIK                            <\/p>\n<p>\n        Gelungener Start f\u00fcr den neuen Teamchef Lars S\u00f6ndergaard: \u00d6sterreich besiegt Slowenien knapp 1:0 und wahrt die Chance auf eine bessere Ausgangsposition im Play-off.     <\/p>\n<p>Der Einstand von Lars S\u00f6ndergaard als Teamchef des \u00f6sterreichischen Frauen-Nationalteams ist gegl\u00fcckt! Die \u00d6FB-Auswahl setzte sich am Freitagabend im Wiener Sportclub-Platz vor 3.350 Zuschauern in der WM-Qualifikation gegen Slowenien mit 1:0 (0:0) durch \u2013 und durfte dabei auch \u00fcber eine Portion Gl\u00fcck jubeln.<\/p>\n","protected":false},"excerpt":{"rendered":"ABD0033_20260605 &#8211; WIEN &#8211; \u00d6STERREICH: Torjubel \u00d6sterreich am Freitag 5. Juni 2026 w\u00e4hrend der 5. Runde der FIFA&hellip;\n","protected":false},"author":2,"featured_media":200305,"comment_status":"","ping_status":"","sticky":false,"template":"","format":"standard","meta":{"footnotes":"","_share_on_mastodon":"0"},"categories":[8],"tags":[3955,3956,13032,59229,59228,37226,46623,4647,3806,40,41,15034,39,109,38,12241],"class_list":["post-200304","post","type-post","status-publish","format-standard","has-post-thumbnail","category-nachrichten","tag-chiara-dangelo","tag-eileen-campbell","tag-frauenfussball","tag-izabela-krizaj","tag-julia-hickelsberger","tag-katharina-naschenweng","tag-lars-soendergaard","tag-meinfussball","tag-mf-start","tag-nachrichten","tag-news","tag-oefb-frauen","tag-schlagzeilen","tag-sport","tag-top-meldungen","tag-wm-qualifikation"],"share_on_mastodon":{"url":"https:\/\/pubeurope.com\/@at\/116699631891271313","error":""},"_links":{"self":[{"href":"https:\/\/www.europesays.com\/at\/wp-json\/wp\/v2\/posts\/200304","targetHints":{"allow":["GET"]}}],"collection":[{"href":"https:\/\/www.europesays.com\/at\/wp-json\/wp\/v2\/posts"}],"about":[{"href":"https:\/\/www.europesays.com\/at\/wp-json\/wp\/v2\/types\/post"}],"author":[{"embeddable":true,"href":"https:\/\/www.europesays.com\/at\/wp-json\/wp\/v2\/users\/2"}],"replies":[{"embeddable":true,"href":"https:\/\/www.europesays.com\/at\/wp-json\/wp\/v2\/comments?post=200304"}],"version-history":[{"count":0,"href":"https:\/\/www.europesays.com\/at\/wp-json\/wp\/v2\/posts\/200304\/revisions"}],"wp:featuredmedia":[{"embeddable":true,"href":"https:\/\/www.europesays.com\/at\/wp-json\/wp\/v2\/media\/200305"}],"wp:attachment":[{"href":"https:\/\/www.europesays.com\/at\/wp-json\/wp\/v2\/media?parent=200304"}],"wp:term":[{"taxonomy":"category","embeddable":true,"href":"https:\/\/www.europesays.com\/at\/wp-json\/wp\/v2\/categories?post=200304"},{"taxonomy":"post_tag","embeddable":true,"href":"https:\/\/www.europesays.com\/at\/wp-json\/wp\/v2\/tags?post=200304"}],"curies":[{"name":"wp","href":"https:\/\/api.w.org\/{rel}","templated":true}]}}