{"id":201169,"date":"2026-06-06T10:51:08","date_gmt":"2026-06-06T10:51:08","guid":{"rendered":"https:\/\/www.europesays.com\/at\/201169\/"},"modified":"2026-06-06T10:51:08","modified_gmt":"2026-06-06T10:51:08","slug":"tu-graz-physikerin-misst-luftschadstoffe-ueber-mehrere-kilometer","status":"publish","type":"post","link":"https:\/\/www.europesays.com\/at\/201169\/","title":{"rendered":"TU Graz-Physikerin misst Luftschadstoffe \u00fcber mehrere Kilometer"},"content":{"rendered":"<p>Handheld geplant. Das Messger\u00e4t des Teams der TU Graz soll k\u00fcnftig auch von Laien einsetzbar sein, mit einer Reichweite von mehreren Kilometern.<\/p>\n<p>Birgitta Schultze-Bernhardt hat mit ihrem Team am <a href=\"https:\/\/www.tugraz.at\/institute\/iep\/home\" target=\"_blank\" rel=\"noopener nofollow\">Institut f\u00fcr Experimentalphysik der TU Graz<\/a> ein neuartiges UV-Dualkamm-Spektrometer entwickelt, das gasf\u00f6rmige Luftschadstoffe mit bisher unerreichter Genauigkeit und Empfindlichkeit detektiert, so die Universit\u00e4t in einer Aussendung.<\/p>\n<p>Die Funktionsweise<\/p>\n<p>Mittels eines ultravioletten Doppellaserlichts misst das Ger\u00e4t innerhalb einer halben Sekunde die Konzentration sch\u00e4dlicher Gase wie Formaldehyd. Durch die kompakte Bauweise und eine Messreichweite von bis zu zweieinhalb Kilometern eigne sich das Spektrometer nicht nur f\u00fcr Laboranalysen, sondern auch f\u00fcr mobile Messungen von Luftschadstoffen und Gaslecks in St\u00e4dten, Industriegebieten und landwirtschaftlichen Regionen.<\/p>\n<p>Publiziert wurden die Ergebnisse jetzt in <a href=\"https:\/\/pl9ft5r4.r.eu-central-1.awstrack.me\/L0\/https:%2F%2Fdoi.org%2F10.1186%2Fs43074-026-00250-6\/1\/0107019e8c493cf1-c5d8d722-e839-4d42-bb5e-9f23f3bc39b4-000000\/jJoRAqEbJXp-WSnR9CnirE2JRkU=258\" target=\"_blank\" rel=\"noopener nofollow\">PhotoniX 7,33 (2026)<\/a>: \u201eFree-running Ultraviolet Dual Comb Spectroscopy enabling Absolute Electronic Fingerprinting\u201c; Lukas F\u00fcrst, Mithun Pal, Alexander Eber, Emily Hruska, Clemens Hofmann, Iouli Gordon, Martin Schultze, Rolf Breinbauer, Birgitta Bernhardt.<\/p>\n<p>Fingerabdruck von Schadstoffen<\/p>\n<p>Als Ausgangspunkt f\u00fcr seine Messung erzeugt das Ger\u00e4t innerhalb von Sekundenbruchteilen zwei Laserimpulse im ultravioletten Spektralbereich. Trifft dieses UV-Licht auf Gasmolek\u00fcle, regt es diese elektronisch an und bringt sie zum Rotieren und Vibrieren \u2013 Physiker:innen sprechen dabei von rovibronischen \u00dcberg\u00e4ngen.<\/p>\n<p>Diese \u00dcberg\u00e4nge sind bei jedem gasf\u00f6rmigen Stoff anders und verschlucken auf einzigartige Weise einen Teil des Laserlichts. \u201eJeder Luftschadstoff hat also seinen eigenen Fingerabdruck, den unser UV-Dualkamm-Spektrometer erkennt\u201c, so Birgitta Schultze-Bernhardt.<\/p>\n<p>Von Laborgr\u00f6\u00dfe auf Umzugskarton geschrumpft<\/p>\n<p>Die erste Version ihres Spektrometers hatte Schultze-Bernhardt vor gut zwei Jahren mit ihrem Team entwickelt. Es war laut den Angaben damals das Erste seiner Art weltweit, f\u00fcr die Messungen waren jedoch gro\u00dfe Aufbauten im Labor notwendig. Die neue Version ist auf die Gr\u00f6\u00dfe eines Umzugskartons geschrumpft.<\/p>\n<p>Dies ist unter anderem deswegen m\u00f6glich, weil nun eine statt zwei Laserquellen den Doppellaserimpuls erzeugt. \u201eDadurch k\u00f6nnen wir auch auf die aufwendige elektronische Stabilisierung des Systems verzichten\u201c, so Schultze-Bernhardt.<\/p>\n<p>Aufl\u00f6sung von 1 GHz<\/p>\n<p>Das neue Spektrometer kann die Frequenzen des UV-Lichts mit einer Aufl\u00f6sung von 1 GHz detektieren und \u00fcbertreffe damit alle herk\u00f6mmlichen UV-Spektrometer deutlich. Dadurch konnten die Forschenden bei Tests mit Formaldehyd neue, grundlegende Erkenntnisse \u00fcber die UV-Licht-Absorption des Luftschadstoffs gewinnen: Man habe Absorptionsmuster gemessen, die vorher noch nie experimentell beobachtet wurden, da die Aufl\u00f6sung bisheriger Ger\u00e4te zu ungenau war.<\/p>\n<p>57 Jahre alte Rotationskonstanten korrigiert<\/p>\n<p>Durch die Messungen in Graz haben sich die Rotationskonstanten von Formaldehyd, die seit den 1960er-Jahren in Physik-Datenbanken und Lehrb\u00fcchern stehen, als falsch herausgestellt. \u201eIn Zusammenarbeit mit dem Harvard-Smithsonian Center for Astrophysics, Atomic and Molecular Physics in den USA haben wir die Werte dieser fundamentalen, molek\u00fclspezifischen Kenngr\u00f6\u00dfe um bis zu 15 Prozent korrigiert\u201c, so Schultze-Bernhardt.<\/p>\n<p>Zu diesem Fortschritt in der Grundlagenforschung beigetragen hat auch die Zusammenarbeit mit Rolf Breinbauer vom Institut f\u00fcr Organische Chemie der TU Graz, der in einem zweistufigen Verfahren hochreines Formaldehyd f\u00fcr die Untersuchungen herstellte.<\/p>\n<p>Praktische Anwendung im Umweltschutz<\/p>\n<p>\u00dcber die Grundlagenforschung hinaus hat das Spektrometer das Potenzial, die Messung von Luftschadstoffen und Gaslecks in St\u00e4dten und Industriegebieten wesentlich pr\u00e4ziser und einfacher zu machen, so die Hoffnung. \u201eMit unserem Ger\u00e4t l\u00e4sst sich prinzipiell jede halbwegs durchsichtige, gasf\u00f6rmige Substanz genau detektieren. Und wir arbeiten derzeit daran, die Konzentration von mehreren Schadstoffen mit einer einzigen Messung zu bestimmen\u201c, sagt Birgitta Schultze-Bernhardt.<\/p>\n<p>Gef\u00f6rdert durch einen Proof of Concept Grant des europ\u00e4ischen Forschungsrats entwickelt die Experimentalphysikerin derzeit zudem ein UV-Spektrometer, das auch von Laien zur \u00dcberwachung der Luftqualit\u00e4t eingesetzt werden kann, etwa in Unternehmen oder Umweltbeh\u00f6rden.<\/p>\n<p>Die F\u00f6rdergeber<\/p>\n<p>Die Entwicklung des UV-Dualkamm-Spektrometers basiert auf von Birgitta Schultz-Bernhardt geleiteten Forschungsprojekten, die vom \u00d6sterreichischen Wissenschaftsfonds FWF und dem European Research Council (ERC) gef\u00f6rdert wurden. Die Kooperationsinitiative NAWI Graz finanzierte die neuartige Laserquelle des aktuellen Spektrometers im Rahmen ihrer Infrastrukturf\u00f6rderung.<\/p>\n<p>\t\tJetzt den Newsletter von Extrajournal.Net abonnieren<\/p>\n<p>T\u00e4glich aktuell in Ihrer Mailbox.<\/p>\n<p>\t\tNewsletter anmelden\/verwalten<\/p>\n","protected":false},"excerpt":{"rendered":"Handheld geplant. Das Messger\u00e4t des Teams der TU Graz soll k\u00fcnftig auch von Laien einsetzbar sein, mit einer&hellip;\n","protected":false},"author":2,"featured_media":201170,"comment_status":"","ping_status":"","sticky":false,"template":"","format":"standard","meta":{"footnotes":"","_share_on_mastodon":"0"},"categories":[29],"tags":[46,42,183,44,20392,5460,9291],"class_list":["post-201169","post","type-post","status-publish","format-standard","has-post-thumbnail","category-graz","tag-at","tag-austria","tag-graz","tag-oesterreich","tag-physik","tag-tu-graz","tag-umweltschutz"],"share_on_mastodon":{"url":"https:\/\/pubeurope.com\/@at\/116702785153725958","error":""},"_links":{"self":[{"href":"https:\/\/www.europesays.com\/at\/wp-json\/wp\/v2\/posts\/201169","targetHints":{"allow":["GET"]}}],"collection":[{"href":"https:\/\/www.europesays.com\/at\/wp-json\/wp\/v2\/posts"}],"about":[{"href":"https:\/\/www.europesays.com\/at\/wp-json\/wp\/v2\/types\/post"}],"author":[{"embeddable":true,"href":"https:\/\/www.europesays.com\/at\/wp-json\/wp\/v2\/users\/2"}],"replies":[{"embeddable":true,"href":"https:\/\/www.europesays.com\/at\/wp-json\/wp\/v2\/comments?post=201169"}],"version-history":[{"count":0,"href":"https:\/\/www.europesays.com\/at\/wp-json\/wp\/v2\/posts\/201169\/revisions"}],"wp:featuredmedia":[{"embeddable":true,"href":"https:\/\/www.europesays.com\/at\/wp-json\/wp\/v2\/media\/201170"}],"wp:attachment":[{"href":"https:\/\/www.europesays.com\/at\/wp-json\/wp\/v2\/media?parent=201169"}],"wp:term":[{"taxonomy":"category","embeddable":true,"href":"https:\/\/www.europesays.com\/at\/wp-json\/wp\/v2\/categories?post=201169"},{"taxonomy":"post_tag","embeddable":true,"href":"https:\/\/www.europesays.com\/at\/wp-json\/wp\/v2\/tags?post=201169"}],"curies":[{"name":"wp","href":"https:\/\/api.w.org\/{rel}","templated":true}]}}