{"id":201369,"date":"2026-06-06T13:20:06","date_gmt":"2026-06-06T13:20:06","guid":{"rendered":"https:\/\/www.europesays.com\/at\/201369\/"},"modified":"2026-06-06T13:20:06","modified_gmt":"2026-06-06T13:20:06","slug":"polen-9-im-zweiten-weltkrieg-getoetete-salesianer-seliggesprochen","status":"publish","type":"post","link":"https:\/\/www.europesays.com\/at\/201369\/","title":{"rendered":"Polen: 9 im Zweiten Weltkrieg get\u00f6tete Salesianer seliggesprochen"},"content":{"rendered":"<p>Im polnischen Krakau wurden neun salesianische Ordensbr\u00fcder, die in den Jahren 1941 und 1942 von den deutschen Nationalsozialisten get\u00f6tet wurden, offiziell seliggesprochen. Im Auftrag von Papst Leo XIV. leitete der Pr\u00e4fekt der Vatikanbeh\u00f6rde f\u00fcr die Selig- und Heiligsprechungsprozesse, Kurienkardinal Marcello Semeraro, die feierliche Zeremonie an diesem Samstag. Als Ort f\u00fcr die Feierlichkeit diente das dem heiligen Johannes Paul II. geweihte Heiligtum.<\/p>\n<p>     <a href=\"https:\/\/www.vaticannews.va\/de\/kirche\/news\/2026-06\/seligsprechung-polen-salesianer-nazis-kz-weltkrieg-johannes-paul.html\" title=\"Polen: Neun NS-Opfer werden seliggesprochen\" rel=\"nofollow noopener\" target=\"_blank\"><\/p>\n<p>        <img decoding=\"async\" src=\"data:image\/gif;base64,R0lGODlhAQABAIAAAAAAAP\/\/\/yH5BAEAAAAALAAAAAABAAEAAAIBRAA7\" data-original=\"https:\/\/www.vaticannews.va\/content\/dam\/vaticannews\/multimedia\/2025\/ottobre\/24Bis\/I-salesiani-Jan-Swierc-e-8-compagni-martiri2.jpg\/_jcr_content\/renditions\/cq5dam.thumbnail.cropped.500.281.jpeg\" alt=\"Polen: Neun NS-Opfer werden seliggesprochen\"\/><\/p>\n<p>      <\/a><\/p>\n<p>\n      Neun in deutschen Konzentrationslagern ermordete polnische Ordensbr\u00fcder der Salesianer werden am Samstag in Krakau seliggesprochen.\n     <\/p>\n<p>Kardinal Semeraro w\u00fcrdigte die neun M\u00e4rtyrer im Rahmen seiner Predigt als Beispiele f\u00fcr die Treue zu Christus. Er beschrieb das Zeugnis, das die Ordensleute inmitten von Hass und Gewalt abgelegt h\u00e4tten, als \u201eSamenkorn des Friedens und der Br\u00fcderlichkeit\u201c f\u00fcr zuk\u00fcnftige Generationen. Die Salesianer waren vor ihrer Verhaftung in unterschiedlichen Regionen Polens in der Seelsorge sowie im Bildungsbereich aktiv. W\u00e4hrend des Zweiten Weltkriegs wurden sie von den deutschen Besatzungsbeh\u00f6rden aus religi\u00f6sem Hass inhaftiert und ermordet. Pater Jan Swierc und sieben weitere Ordensbr\u00fcder starben im Zeitraum zwischen Juni 1941 und September 1942 im Konzentrationslager Auschwitz, w\u00e4hrend Pater Franciszek Miska im Mai 1942 im Konzentrationslager Dachau ums Leben kam. Berichten zufolge blieben die Betroffenen auch unter den Bedingungen der Lagerhaft als Seelsorger f\u00fcr ihre Mitgefangenen aktiv.<\/p>\n<p>An der Eucharistiefeier nahmen neben dem Erzbischof von Krakau, Kardinal Grzegorz Ry\u015b, auch der Erzbischof von M\u00fcnchen und Freising, Kardinal Reinhard Marx, sowie der polnische Staatspr\u00e4sident Karol Nawrocki teil.<\/p>\n<p>Erinnerung an Papst Johannes Paul II. <\/p>\n<p>W\u00e4hrend der Zeremonie rief Kardinal Semeraro zudem die Verbindung zum fr\u00fcheren Papst Johannes Paul II. in Erinnerung. Dieser hatte w\u00e4hrend seiner Zeit in einer Krakauer Gemeinde die Verfolgung und Inhaftierung von Salesianern durch die Nationalsozialisten pers\u00f6nlich miterlebt. In einer Publikation hielt das sp\u00e4tere Kirchenoberhaupt fest, dass diese Ereignisse und die Pr\u00e4senz der Salesianer ma\u00dfgeblich zu seiner eigenen Entscheidung f\u00fcr den Priesterberuf beigetragen hatten. Den entsprechenden Textabschnitt zitierte Semeraro im Verlauf des Gottesdienstes.<\/p>\n<p>Die gezielte Verfolgung des katholischen Klerus im besetzten Polen forderte erhebliche Opfer. Nach Erhebungen der Polnischen Bischofskonferenz verloren durch die nationalsozialistische Herrschaft rund 2.800 polnische Geistliche, darunter sechs Bisch\u00f6fe, ihr Leben. Papst Johannes Paul II. hatte bereits im Juni 1999 in Warschau eine Gruppe von 108 polnischen M\u00e4rtyrern seliggesprochen, von denen etwa 40 im Konzentrationslager Dachau starben. Die nun seliggesprochenen neun Salesianer sind Teil eines Verfahrens f\u00fcr insgesamt 122 Personen, das im Jahr 2003 initiiert wurde.<\/p>\n<p>(kap\/vatican news &#8211; mg)<\/p>\n","protected":false},"excerpt":{"rendered":"Im polnischen Krakau wurden neun salesianische Ordensbr\u00fcder, die in den Jahren 1941 und 1942 von den deutschen Nationalsozialisten&hellip;\n","protected":false},"author":2,"featured_media":201370,"comment_status":"","ping_status":"","sticky":false,"template":"","format":"standard","meta":{"footnotes":"","_share_on_mastodon":"0"},"categories":[12],"tags":[38777,37961,59441,36706,40,7206,41,59440,39,59439,66,65,64,4752],"class_list":["post-201369","post","type-post","status-publish","format-standard","has-post-thumbnail","category-welt","tag-johannes-paul-ii","tag-krakau","tag-marcello-semeraro","tag-maertyrer","tag-nachrichten","tag-nationalsozialismus","tag-news","tag-salesianer","tag-schlagzeilen","tag-seligsprechung","tag-welt","tag-world","tag-world-news","tag-zweiter-weltkrieg"],"share_on_mastodon":{"url":"https:\/\/pubeurope.com\/@at\/116703371259987025","error":""},"_links":{"self":[{"href":"https:\/\/www.europesays.com\/at\/wp-json\/wp\/v2\/posts\/201369","targetHints":{"allow":["GET"]}}],"collection":[{"href":"https:\/\/www.europesays.com\/at\/wp-json\/wp\/v2\/posts"}],"about":[{"href":"https:\/\/www.europesays.com\/at\/wp-json\/wp\/v2\/types\/post"}],"author":[{"embeddable":true,"href":"https:\/\/www.europesays.com\/at\/wp-json\/wp\/v2\/users\/2"}],"replies":[{"embeddable":true,"href":"https:\/\/www.europesays.com\/at\/wp-json\/wp\/v2\/comments?post=201369"}],"version-history":[{"count":0,"href":"https:\/\/www.europesays.com\/at\/wp-json\/wp\/v2\/posts\/201369\/revisions"}],"wp:featuredmedia":[{"embeddable":true,"href":"https:\/\/www.europesays.com\/at\/wp-json\/wp\/v2\/media\/201370"}],"wp:attachment":[{"href":"https:\/\/www.europesays.com\/at\/wp-json\/wp\/v2\/media?parent=201369"}],"wp:term":[{"taxonomy":"category","embeddable":true,"href":"https:\/\/www.europesays.com\/at\/wp-json\/wp\/v2\/categories?post=201369"},{"taxonomy":"post_tag","embeddable":true,"href":"https:\/\/www.europesays.com\/at\/wp-json\/wp\/v2\/tags?post=201369"}],"curies":[{"name":"wp","href":"https:\/\/api.w.org\/{rel}","templated":true}]}}