{"id":201401,"date":"2026-06-06T13:44:10","date_gmt":"2026-06-06T13:44:10","guid":{"rendered":"https:\/\/www.europesays.com\/at\/201401\/"},"modified":"2026-06-06T13:44:10","modified_gmt":"2026-06-06T13:44:10","slug":"stefan-zweig-serie-eine-botschafterin-und-ihr-feuer-fuer-den-dichter","status":"publish","type":"post","link":"https:\/\/www.europesays.com\/at\/201401\/","title":{"rendered":"Stefan-Zweig-Serie &#8211; Eine Botschafterin und ihr Feuer f\u00fcr den Dichter"},"content":{"rendered":"<p>VORHABEN.\u00a0\u201eDer Gedanke ist unertr\u00e4glich, dass wir Stefan Zweig aus Salzburg vertrieben und ihm durch die erzwungene Wanderschaft schlie\u00dflich die Kraft zum Leben geraubt haben!\u201c Dr. Helga Rabl-Stadler sitzt am Stammtisch im Caf\u00e9 Bazar, dort, wo der Autor stets am Abend zu Besuch kam, und sie gibt sich k\u00e4mpferisch. Sie ist voller Zuversicht und sie ist davon \u00fcberzeugt: \u201eWir werden Salzburg zur Weltzentrale f\u00fcr Stefan Zweig machen.\u201c Ungeheure Motivation verliehen ihr die ersten Erfolge: Sie flog gemeinsam mit Karoline Edtstadler, 2022 noch Ministerin im Kanzleramt, nach London, wo die 96-j\u00e4hrige Eva Alberman mit einem Orden der Republik ausgezeichnet wurde. Diese ist die Nichte von Stefan Zweigs zweiter Frau Lotte. Rabl-Stadler gelang es, die Erbin davon zu \u00fcberzeugen: Salzburg kann ein w\u00fcrdiges Zuhause f\u00fcr den Nachlass des Schriftstellers sein. Die beiden Frauen verstanden einander sofort.<\/p>\n","protected":false},"excerpt":{"rendered":"VORHABEN.\u00a0\u201eDer Gedanke ist unertr\u00e4glich, dass wir Stefan Zweig aus Salzburg vertrieben und ihm durch die erzwungene Wanderschaft schlie\u00dflich&hellip;\n","protected":false},"author":2,"featured_media":201402,"comment_status":"","ping_status":"","sticky":false,"template":"","format":"standard","meta":{"footnotes":"","_share_on_mastodon":"0"},"categories":[31],"tags":[59442,46,42,45448,59443,59444,4174,59445,9633,59446,59447,15503,59448,491,943,59449,59450,44,18157,20431,192,7994,59451,59452,59453,182,59454,59455],"class_list":["post-201401","post","type-post","status-publish","format-standard","has-post-thumbnail","category-salzburg","tag-alberman","tag-at","tag-austria","tag-brasilianischen","tag-die-schweigsame-frau","tag-die-welt-von-gestern","tag-dresden","tag-eva-alberman","tag-feldkirch","tag-friderike-zweig","tag-hans-peter-hasenoehrl","tag-helga-rabl-stadler","tag-karl-boehm","tag-karoline-edtstadler","tag-london","tag-lotte","tag-lotte-zweig","tag-oesterreich","tag-rabl-stadler","tag-richard-strauss","tag-salzburg","tag-stefan","tag-stefan-zweig","tag-stefan-zweigs","tag-universitaet-salzburg","tag-wien","tag-zita","tag-zweig"],"share_on_mastodon":{"url":"https:\/\/pubeurope.com\/@at\/116703465694110829","error":""},"_links":{"self":[{"href":"https:\/\/www.europesays.com\/at\/wp-json\/wp\/v2\/posts\/201401","targetHints":{"allow":["GET"]}}],"collection":[{"href":"https:\/\/www.europesays.com\/at\/wp-json\/wp\/v2\/posts"}],"about":[{"href":"https:\/\/www.europesays.com\/at\/wp-json\/wp\/v2\/types\/post"}],"author":[{"embeddable":true,"href":"https:\/\/www.europesays.com\/at\/wp-json\/wp\/v2\/users\/2"}],"replies":[{"embeddable":true,"href":"https:\/\/www.europesays.com\/at\/wp-json\/wp\/v2\/comments?post=201401"}],"version-history":[{"count":0,"href":"https:\/\/www.europesays.com\/at\/wp-json\/wp\/v2\/posts\/201401\/revisions"}],"wp:featuredmedia":[{"embeddable":true,"href":"https:\/\/www.europesays.com\/at\/wp-json\/wp\/v2\/media\/201402"}],"wp:attachment":[{"href":"https:\/\/www.europesays.com\/at\/wp-json\/wp\/v2\/media?parent=201401"}],"wp:term":[{"taxonomy":"category","embeddable":true,"href":"https:\/\/www.europesays.com\/at\/wp-json\/wp\/v2\/categories?post=201401"},{"taxonomy":"post_tag","embeddable":true,"href":"https:\/\/www.europesays.com\/at\/wp-json\/wp\/v2\/tags?post=201401"}],"curies":[{"name":"wp","href":"https:\/\/api.w.org\/{rel}","templated":true}]}}