{"id":201903,"date":"2026-06-06T20:52:28","date_gmt":"2026-06-06T20:52:28","guid":{"rendered":"https:\/\/www.europesays.com\/at\/201903\/"},"modified":"2026-06-06T20:52:28","modified_gmt":"2026-06-06T20:52:28","slug":"oesterreichs-maenner-bei-3x3-wm-im-viertelfinale-out","status":"publish","type":"post","link":"https:\/\/www.europesays.com\/at\/201903\/","title":{"rendered":"\u00d6sterreichs M\u00e4nner bei 3&#215;3-WM im Viertelfinale out"},"content":{"rendered":"<p>F\u00fcr \u00d6sterreichs <a href=\"https:\/\/www.laola1.at\/de\/daten\/news\/basketball\/3x3\/\" class=\"tag\" rel=\"nofollow noopener\" target=\"_blank\">3&#215;3<\/a>-Basketballer bleibt der Traum von der ersten WM-Medaille unerf\u00fcllt.<\/p>\n<p>Nico Kaltenbrunner, Fabio S\u00f6hnel, Quincy Diggs und Toni Blazan ziehen am Samstag in Warschau im Viertelfinale gegen Deutschland mit 19:21 den K\u00fcrzeren.<\/p>\n<p>Die Deutschen waren als Gruppensieger direkt unter die besten acht vorgesto\u00dfen, die \u00d6sterreicher hatten das Play-in gegen Belgien am Freitag mit einem 21:13-Erfolg erst erfolgreich meistern m\u00fcssen.<\/p>\n<p>Die Medaillen werden am Sonntag vergeben.<\/p>\n","protected":false},"excerpt":{"rendered":"F\u00fcr \u00d6sterreichs 3&#215;3-Basketballer bleibt der Traum von der ersten WM-Medaille unerf\u00fcllt. Nico Kaltenbrunner, Fabio S\u00f6hnel, Quincy Diggs und&hellip;\n","protected":false},"author":2,"featured_media":201904,"comment_status":"","ping_status":"","sticky":false,"template":"","format":"standard","meta":{"footnotes":"","_share_on_mastodon":"0"},"categories":[8],"tags":[37089,59531,5711,257,40,41,57795,44,3734,57796,39,13635,38,11907],"class_list":["post-201903","post","type-post","status-publish","format-standard","has-post-thumbnail","category-nachrichten","tag-3x3","tag-3x3-wm-2023","tag-basketball","tag-deutschland","tag-nachrichten","tag-news","tag-nico-kaltenbrunner","tag-oesterreich","tag-polen","tag-quincy-diggs","tag-schlagzeilen","tag-sport-mix","tag-top-meldungen","tag-warschau"],"share_on_mastodon":{"url":"https:\/\/pubeurope.com\/@at\/116705148666688500","error":""},"_links":{"self":[{"href":"https:\/\/www.europesays.com\/at\/wp-json\/wp\/v2\/posts\/201903","targetHints":{"allow":["GET"]}}],"collection":[{"href":"https:\/\/www.europesays.com\/at\/wp-json\/wp\/v2\/posts"}],"about":[{"href":"https:\/\/www.europesays.com\/at\/wp-json\/wp\/v2\/types\/post"}],"author":[{"embeddable":true,"href":"https:\/\/www.europesays.com\/at\/wp-json\/wp\/v2\/users\/2"}],"replies":[{"embeddable":true,"href":"https:\/\/www.europesays.com\/at\/wp-json\/wp\/v2\/comments?post=201903"}],"version-history":[{"count":0,"href":"https:\/\/www.europesays.com\/at\/wp-json\/wp\/v2\/posts\/201903\/revisions"}],"wp:featuredmedia":[{"embeddable":true,"href":"https:\/\/www.europesays.com\/at\/wp-json\/wp\/v2\/media\/201904"}],"wp:attachment":[{"href":"https:\/\/www.europesays.com\/at\/wp-json\/wp\/v2\/media?parent=201903"}],"wp:term":[{"taxonomy":"category","embeddable":true,"href":"https:\/\/www.europesays.com\/at\/wp-json\/wp\/v2\/categories?post=201903"},{"taxonomy":"post_tag","embeddable":true,"href":"https:\/\/www.europesays.com\/at\/wp-json\/wp\/v2\/tags?post=201903"}],"curies":[{"name":"wp","href":"https:\/\/api.w.org\/{rel}","templated":true}]}}