{"id":202627,"date":"2026-06-07T09:50:11","date_gmt":"2026-06-07T09:50:11","guid":{"rendered":"https:\/\/www.europesays.com\/at\/202627\/"},"modified":"2026-06-07T09:50:11","modified_gmt":"2026-06-07T09:50:11","slug":"nicht-angegurtet-alko-lenkerin-prallte-gegen-baum-zwei-verletzte","status":"publish","type":"post","link":"https:\/\/www.europesays.com\/at\/202627\/","title":{"rendered":"Nicht angegurtet &#8211; Alko-Lenkerin prallte gegen Baum: Zwei Verletzte"},"content":{"rendered":"<p>43-J\u00e4hrige auf R\u00fcckbank schwer verletzt<br \/>Die Mitfahrerin auf der R\u00fcckbank d\u00fcrfte bei dem Unfall schwer verletzt worden sein, die Beifahrerin erlitt Verletzungen unbestimmten Grades, die Lenkerin blieb unverletzt. Alle Frauen konnten sich selbstst\u00e4ndig aus dem Auto befreien. Die beiden verletzten Personen wurden vom Rettungsdienst in das LKH Feldbach gebracht.<\/p>\n<p>Ohne Gurt, mit Alkohol im Blut<br \/>Die Frauen waren nicht angegurtet \u2013 und durchgef\u00fchrte Alkoholtests verliefen bei allen Fahrzeuginsassinnen positiv.<\/p>\n","protected":false},"excerpt":{"rendered":"43-J\u00e4hrige auf R\u00fcckbank schwer verletztDie Mitfahrerin auf der R\u00fcckbank d\u00fcrfte bei dem Unfall schwer verletzt worden sein, die&hellip;\n","protected":false},"author":2,"featured_media":202628,"comment_status":"","ping_status":"","sticky":false,"template":"","format":"standard","meta":{"footnotes":"","_share_on_mastodon":"0"},"categories":[6],"tags":[46,42,44,43,45,27260],"class_list":["post-202627","post","type-post","status-publish","format-standard","has-post-thumbnail","category-oesterreich","tag-at","tag-austria","tag-oesterreich","tag-republic-of-austria","tag-republik-oesterreich","tag-suedoststeiermark"],"share_on_mastodon":{"url":"https:\/\/pubeurope.com\/@at\/116708207884948987","error":""},"_links":{"self":[{"href":"https:\/\/www.europesays.com\/at\/wp-json\/wp\/v2\/posts\/202627","targetHints":{"allow":["GET"]}}],"collection":[{"href":"https:\/\/www.europesays.com\/at\/wp-json\/wp\/v2\/posts"}],"about":[{"href":"https:\/\/www.europesays.com\/at\/wp-json\/wp\/v2\/types\/post"}],"author":[{"embeddable":true,"href":"https:\/\/www.europesays.com\/at\/wp-json\/wp\/v2\/users\/2"}],"replies":[{"embeddable":true,"href":"https:\/\/www.europesays.com\/at\/wp-json\/wp\/v2\/comments?post=202627"}],"version-history":[{"count":0,"href":"https:\/\/www.europesays.com\/at\/wp-json\/wp\/v2\/posts\/202627\/revisions"}],"wp:featuredmedia":[{"embeddable":true,"href":"https:\/\/www.europesays.com\/at\/wp-json\/wp\/v2\/media\/202628"}],"wp:attachment":[{"href":"https:\/\/www.europesays.com\/at\/wp-json\/wp\/v2\/media?parent=202627"}],"wp:term":[{"taxonomy":"category","embeddable":true,"href":"https:\/\/www.europesays.com\/at\/wp-json\/wp\/v2\/categories?post=202627"},{"taxonomy":"post_tag","embeddable":true,"href":"https:\/\/www.europesays.com\/at\/wp-json\/wp\/v2\/tags?post=202627"}],"curies":[{"name":"wp","href":"https:\/\/api.w.org\/{rel}","templated":true}]}}