{"id":202678,"date":"2026-06-07T10:27:09","date_gmt":"2026-06-07T10:27:09","guid":{"rendered":"https:\/\/www.europesays.com\/at\/202678\/"},"modified":"2026-06-07T10:27:09","modified_gmt":"2026-06-07T10:27:09","slug":"schweizer-weltcupsiegerin-spricht-ueber-enttaeuschendes-kader-aus","status":"publish","type":"post","link":"https:\/\/www.europesays.com\/at\/202678\/","title":{"rendered":"Schweizer Weltcupsiegerin spricht \u00fcber entt\u00e4uschendes Kader-Aus"},"content":{"rendered":"<p>Als &#8222;harten Moment&#8220; bezeichnet Priska Ming-Nufer den Augenblick, als sie erfuhr, dass sie nicht mehr im Swiss-Ski-Kader ist.<\/p>\n<p>Zuvor war sie 18 Jahre lang immer dabei. &#8222;Ende April erhielt ich die Nachricht, dass ich nicht mehr Teil des Kaders bin.&#8220; <\/p>\n<p>&#8222;Das war ein harter Moment, besonders weil ich mich zu diesem Zeitpunkt mitten in der Rehabilitation nach einer Verletzung befand&#8220;, schreibt die Speedspezialistin auf Instagram.<\/p>\n<p>Im Februar wurde sie nach einer Meniskusverletzung operiert, ihre Saison war damit gelaufen. \u00dcber all die Jahre habe sie die Kaderkriterien stets erf\u00fcllt und sich auf h\u00f6chstem Niveau im Weltcup behauptet.<\/p>\n<p>Karriereende nicht in Sicht<\/p>\n<p>Dennoch zeigt sie sich k\u00e4mpferisch. <\/p>\n<p>&#8222;Wenn ich auf die vergangenen 18 Jahre zur\u00fcckblicke, sehe ich nicht Verletzungen oder R\u00fcckschl\u00e4ge. Ich sehe unz\u00e4hlige Trainingstage, harte Arbeit, viele Weltcuprennen, Erfolge und Freude, den Willen, immer noch besser zu werden&#8220;, erkl\u00e4rt die 34-J\u00e4hrige.<\/p>\n<p>Ming-Nufer gewann 2022 in Crans-Montana eine Abfahrt &#8211; ihr bisher einziges Weltcup-Podest. In der Saison 2025\/26 fuhr sie vor ihrer Verletzung in vier von elf Speedrennen in die Punkte.<\/p>\n<p>Ihr n\u00e4chstes Ziel sei die Heim-Weltmeisterschaft 2027 in Crans-Montana. &#8222;Ich arbeite jeden Tag daran, st\u00e4rker zur\u00fcckzukommen&#8220;, meint sie abschlie\u00dfend.<\/p>\n","protected":false},"excerpt":{"rendered":"Als &#8222;harten Moment&#8220; bezeichnet Priska Ming-Nufer den Augenblick, als sie erfuhr, dass sie nicht mehr im Swiss-Ski-Kader ist.&hellip;\n","protected":false},"author":2,"featured_media":202679,"comment_status":"","ping_status":"","sticky":false,"template":"","format":"standard","meta":{"footnotes":"","_share_on_mastodon":"0"},"categories":[18],"tags":[46,42,44,59644,4669,8568,109,108,42748,117],"class_list":["post-202678","post","type-post","status-publish","format-standard","has-post-thumbnail","category-sport","tag-at","tag-austria","tag-oesterreich","tag-priska-nufer","tag-ski-alpin","tag-ski-weltcup-damen","tag-sport","tag-sports","tag-swiss-ski","tag-wintersport"],"share_on_mastodon":{"url":"https:\/\/pubeurope.com\/@at\/116708353501916940","error":""},"_links":{"self":[{"href":"https:\/\/www.europesays.com\/at\/wp-json\/wp\/v2\/posts\/202678","targetHints":{"allow":["GET"]}}],"collection":[{"href":"https:\/\/www.europesays.com\/at\/wp-json\/wp\/v2\/posts"}],"about":[{"href":"https:\/\/www.europesays.com\/at\/wp-json\/wp\/v2\/types\/post"}],"author":[{"embeddable":true,"href":"https:\/\/www.europesays.com\/at\/wp-json\/wp\/v2\/users\/2"}],"replies":[{"embeddable":true,"href":"https:\/\/www.europesays.com\/at\/wp-json\/wp\/v2\/comments?post=202678"}],"version-history":[{"count":0,"href":"https:\/\/www.europesays.com\/at\/wp-json\/wp\/v2\/posts\/202678\/revisions"}],"wp:featuredmedia":[{"embeddable":true,"href":"https:\/\/www.europesays.com\/at\/wp-json\/wp\/v2\/media\/202679"}],"wp:attachment":[{"href":"https:\/\/www.europesays.com\/at\/wp-json\/wp\/v2\/media?parent=202678"}],"wp:term":[{"taxonomy":"category","embeddable":true,"href":"https:\/\/www.europesays.com\/at\/wp-json\/wp\/v2\/categories?post=202678"},{"taxonomy":"post_tag","embeddable":true,"href":"https:\/\/www.europesays.com\/at\/wp-json\/wp\/v2\/tags?post=202678"}],"curies":[{"name":"wp","href":"https:\/\/api.w.org\/{rel}","templated":true}]}}