{"id":203094,"date":"2026-06-07T15:24:11","date_gmt":"2026-06-07T15:24:11","guid":{"rendered":"https:\/\/www.europesays.com\/at\/203094\/"},"modified":"2026-06-07T15:24:11","modified_gmt":"2026-06-07T15:24:11","slug":"rosengarten-linz-austropop-und-kabarett-mit-herz-und-augenzwinkern","status":"publish","type":"post","link":"https:\/\/www.europesays.com\/at\/203094\/","title":{"rendered":"Rosengarten Linz &#8211; Austropop und Kabarett mit Herz und Augenzwinkern"},"content":{"rendered":"<p>Kabarett mit Ego, Irrt\u00fcmern und Tr\u00e4umen<br \/>Thomas Mraz (\u201eVorstadtweiber\u201c) spielt in Linz das erste Comedy-Solo \u201eMraz F1rst!\u201c (7. 7.), es geht um Alltag, Ego, Beziehungen und die kleinen Katastrophen dazwischen. Herbert Steinb\u00f6ck und die \u201e3 BariT\u00f6ne\u201c (30. 7.) verbinden Kabarett, Oper, Austropop und Parodie miteinander. Weinzettl &amp; Rudle liefern in \u201eF\u00fcr immer und andere Irrt\u00fcmer\u201c (4. 8.) die beste Pointen mit Herz und Augenzwinkern \u00fcber die ganz gro\u00dfen Versprechen. Nichts f\u00fcr verklemmte Gem\u00fcter ist dann noch \u201eH\u00f6hepunkte\u201c (5. 8.) von Barbara Balldini.<\/p>\n","protected":false},"excerpt":{"rendered":"Kabarett mit Ego, Irrt\u00fcmern und Tr\u00e4umenThomas Mraz (\u201eVorstadtweiber\u201c) spielt in Linz das erste Comedy-Solo \u201eMraz F1rst!\u201c (7. 7.),&hellip;\n","protected":false},"author":2,"featured_media":203095,"comment_status":"","ping_status":"","sticky":false,"template":"","format":"standard","meta":{"footnotes":"","_share_on_mastodon":"0"},"categories":[30],"tags":[59715,21944,46,42,17651,59716,59717,25678,184,44,856,59718,59719],"class_list":["post-203094","post","type-post","status-publish","format-standard","has-post-thumbnail","category-linz","tag-50-austropop","tag-andie-gabauer","tag-at","tag-austria","tag-frank-sinatra","tag-fuer-immer-und-andere-irrtuemer","tag-herbert-steinboeck","tag-katharina-strasser","tag-linz","tag-oesterreich","tag-oesterreichischen","tag-tom-gaebel","tag-ziggy-stardust"],"share_on_mastodon":{"url":"https:\/\/pubeurope.com\/@at\/116709521239793715","error":""},"_links":{"self":[{"href":"https:\/\/www.europesays.com\/at\/wp-json\/wp\/v2\/posts\/203094","targetHints":{"allow":["GET"]}}],"collection":[{"href":"https:\/\/www.europesays.com\/at\/wp-json\/wp\/v2\/posts"}],"about":[{"href":"https:\/\/www.europesays.com\/at\/wp-json\/wp\/v2\/types\/post"}],"author":[{"embeddable":true,"href":"https:\/\/www.europesays.com\/at\/wp-json\/wp\/v2\/users\/2"}],"replies":[{"embeddable":true,"href":"https:\/\/www.europesays.com\/at\/wp-json\/wp\/v2\/comments?post=203094"}],"version-history":[{"count":0,"href":"https:\/\/www.europesays.com\/at\/wp-json\/wp\/v2\/posts\/203094\/revisions"}],"wp:featuredmedia":[{"embeddable":true,"href":"https:\/\/www.europesays.com\/at\/wp-json\/wp\/v2\/media\/203095"}],"wp:attachment":[{"href":"https:\/\/www.europesays.com\/at\/wp-json\/wp\/v2\/media?parent=203094"}],"wp:term":[{"taxonomy":"category","embeddable":true,"href":"https:\/\/www.europesays.com\/at\/wp-json\/wp\/v2\/categories?post=203094"},{"taxonomy":"post_tag","embeddable":true,"href":"https:\/\/www.europesays.com\/at\/wp-json\/wp\/v2\/tags?post=203094"}],"curies":[{"name":"wp","href":"https:\/\/api.w.org\/{rel}","templated":true}]}}