{"id":203748,"date":"2026-06-08T01:03:16","date_gmt":"2026-06-08T01:03:16","guid":{"rendered":"https:\/\/www.europesays.com\/at\/203748\/"},"modified":"2026-06-08T01:03:16","modified_gmt":"2026-06-08T01:03:16","slug":"boerse-inputs-auf-spotify-zu-u-a-volker-meinel-bnp-paribas","status":"publish","type":"post","link":"https:\/\/www.europesays.com\/at\/203748\/","title":{"rendered":"B\u00f6rse-Inputs auf Spotify zu u.a. Volker Meinel BNP Paribas"},"content":{"rendered":"<p>07.06.2026,<br \/>\n    6937 Zeichen<br \/>\n<br clear=\"all\"\/><\/p>\n<p>Eine Auswahl der Redaktion von <a href=\"https:\/\/audio-cd.at\" rel=\"nofollow noopener\" target=\"_blank\">audio-cd.at<\/a> und <a href=\"https:\/\/boerse-social.com\" rel=\"nofollow noopener\" target=\"_blank\">boerse-social.com<\/a> :<\/p>\n<p><a style=\"text-decoration: none;\" href=\"https:\/\/open.spotify.com\/episode\/52RUAIJm6CW4jCZwhzGAJt\" rel=\"nofollow noopener\" target=\"_blank\"><img decoding=\"async\" style=\"float: left; padding-right: 10px;\" src=\"https:\/\/www.europesays.com\/at\/wp-content\/uploads\/2026\/06\/140.jpeg\"\/><\/a><\/p>\n<p><a style=\"text-decoration: none;\" href=\"https:\/\/open.spotify.com\/episode\/52RUAIJm6CW4jCZwhzGAJt\" rel=\"nofollow noopener\" target=\"_blank\">Zertifikate Party \u00d6sterreich: <a href=\"http:\/\/www.boerse-social.com\/persons\/volker_meinel\" class=\"person_link\" title=\"Volker Meinel im Personen-Verzeichnis\" target=\"_blank\" rel=\"nofollow noopener\"> Volker Meinel<\/a>, der Hebel- und Sekund\u00e4rmarkt-Titelverteidiger (noch 5 Tage bis zum 20. Zertifikate Award 2026)<br \/><\/a><a style=\"text-decoration: none;\" href=\"https:\/\/open.spotify.com\/episode\/52RUAIJm6CW4jCZwhzGAJt\" rel=\"nofollow noopener\" target=\"_blank\">Zertifikate Party \u00d6sterreich mit dem Zertifikate Award Austria Countdown: Noch 5 Tage bis zum 20. Zertifikate Award 2026, heute ist Volker Meinel, Marketing Manager bei BNP Paribas, zu Gast. Wir haben uns am Samstag ausgetauscht, aber wir haben Erfahrung mit Weekend\/Feiertag, am Ostermontag durfte ich bei BNPs &#8222;Rendezvous mit Harry&#8220; zu Gast sein. Volker ist seit Beginn der 10er-Jahre bei BNP und durfte sich zuletzt \u00fcber Seriensiege bei den Hebelprodukten und auch in der Sekund\u00e4rmarktkategorie freuen. Es geht auch um das GC und Tennis.<br \/>https:\/\/derivate.bnpparibas.com<br \/>Youtube-Kanal BNP Paribas Zertifikate: https:\/\/www.youtube.com\/c\/BNPParibasZertifikate<br \/>Volker im B\u00f6rsepeople-Podcast: https:\/\/audio-cd.at\/page\/podcast\/3334<br \/>Der komplette Countdown unter http:\/\/www.audio-cd.at\/zertifikate<br \/>Bisherige Folgen des Countdowns: <\/a><a href=\"http:\/\/www.boerse-social.com\/persons\/christian_scheid\" class=\"person_link\" title=\"Christian Scheid im Personen-Verzeichnis\" target=\"_blank\" rel=\"nofollow noopener\"> Christian Scheid<\/a>, Publikumswahl Final Call, Ronald Nemec, Judith Pap Gr\u00fcndungsstory, <a href=\"http:\/\/www.boerse-social.com\/persons\/robert_gillinger\" class=\"person_link\" title=\"Robert Gillinger im Personen-Verzeichnis\" target=\"_blank\" rel=\"nofollow noopener\"> Robert Gillinger<\/a>, <a href=\"http:\/\/www.boerse-social.com\/persons\/alexandra_baldessarini\" class=\"person_link\" title=\"Alexandra Baldessarini im Personen-Verzeichnis\" target=\"_blank\" rel=\"nofollow noopener\"> Alexandra Baldessarini<\/a>, Marianne K\u00f6gel, <a href=\"http:\/\/www.boerse-social.com\/persons\/heinz_karasek\" class=\"person_link\" title=\"Heinz Karasek im Personen-Verzeichnis\" target=\"_blank\" rel=\"nofollow noopener\"> Heinz Karasek<\/a>, <a href=\"http:\/\/www.boerse-social.com\/persons\/heiko_geiger\" class=\"person_link\" title=\"Heiko Geiger (Vontobel) im Personen-Verzeichnis\" target=\"_blank\" rel=\"nofollow noopener\"> Heiko Geiger<\/a>, <a href=\"http:\/\/www.boerse-social.com\/persons\/bernhard_grabmayr\" class=\"person_link\" title=\"Bernhard Grabmayr im Personen-Verzeichnis\" target=\"_blank\" rel=\"nofollow noopener\"> Bernhard Grabmayr<\/a>, <a href=\"http:\/\/www.boerse-social.com\/persons\/frank_weingarts\" class=\"person_link\" title=\"Frank Weingarts im Personen-Verzeichnis\" target=\"_blank\" rel=\"nofollow noopener\"> Frank Weingarts<\/a>, <a href=\"http:\/\/www.boerse-social.com\/persons\/thomas_rainer\" class=\"person_link\" title=\"Thomas Rainer im Personen-Verzeichnis\" target=\"_blank\" rel=\"nofollow noopener\"> Thomas Rainer<\/a>, <a href=\"http:\/\/www.boerse-social.com\/persons\/philipp_arnold\" class=\"person_link\" title=\"Philipp Arnold im Personen-Verzeichnis\" target=\"_blank\" rel=\"nofollow noopener\"> Philipp Arnold<\/a>, Lars Reichel, Peter B\u00f6senberg, Volker Meinel<br \/>Fanboy-Buch mit Zertifikate-Content: http:\/\/www.christian-drastil.com <br \/>About: Structures are my best Friends. In Kooperation mit dem Zertifikate Forum Austria (ZFA) und presented by Raiffeisen Zertifikate, Erste Group, BNP Paribas, Societe Generale, UBS, Vontobel, dad.at, gettex, wikifolio und B\u00f6rse Frankfurt Zertifikate gibt es Podcasts zum Zertifikate-Markt in \u00d6sterreich. Und freilich zum Award wieder eine grosse Print-Sondernummer. Heuer besonders gross. Ganz besonders gross.<br \/>20 Seiten Zertifikate im B\u00f6rsejahrbuch 2025: https:\/\/boerse-social.com\/pdf\/magazines\/boersehandbuch_24_25<br \/>Risikohinweis: Die hier ver\u00f6ffentlichten Gedanken sind weder als Empfehlung noch als ein Angebot oder eine Aufforderung zum An- oder Verkauf von Finanzinstrumenten zu verstehen und sollen auch nicht so verstanden werden. Sie stellen lediglich die pers\u00f6nliche Meinung der Podcastmacher dar. Der Handel mit Finanzprodukt en unterliegt einem Risiko. Sie k\u00f6nnen Ihr eingesetztes Kapital verlieren. Und: Bewertungen bei Apple (oder auch Spotify) machen mir Freude: http:\/\/www.audio-cd.at\/apple http:\/\/www.audio-cd.at\/spotify . <\/p>\n<p>Du m\u00f6chtest deine Werbung in diesem und vielen anderen Podcasts schalten? Kein Problem!<br \/>F\u00fcr deinen Zugang zu zielgerichteter Podcast-Werbung, <a href=\"https:\/\/audiomarktplatz.de\/?mtm_campaign=pam&amp;mtm_source=shownotes\" rel=\"nofollow noopener\" target=\"_blank\">klicke hier.<\/a><\/p>\n<p><a href=\"https:\/\/audiomarktplatz.de\/?mtm_campaign=pam&amp;mtm_source=shownotes\" rel=\"nofollow noopener\" target=\"_blank\">Audiomarktplatz.de<\/a> &#8211; Geschichten, die bleiben &#8211; \u00fcberall und jederzeit!<\/p>\n<p><a style=\"text-decoration: none;\" href=\"https:\/\/open.spotify.com\/episode\/52RUAIJm6CW4jCZwhzGAJt\" rel=\"nofollow noopener\" target=\"_blank\"><br \/>Audio-CD.at Indie Podcasts: Wiener B\u00f6rse, Sport, Musik (und mehr) (00:06:11), 06.06.<\/a><\/p>\n<p><a style=\"text-decoration: none;\" href=\"https:\/\/open.spotify.com\/episode\/1nHBFgqpxgC1SZShWuv14y\" rel=\"nofollow noopener\" target=\"_blank\"><img decoding=\"async\" style=\"float: left; padding-right: 10px;\" src=\"https:\/\/www.europesays.com\/at\/wp-content\/uploads\/2026\/06\/1780880595_510_140.jpeg\"\/><\/a><\/p>\n<p><a style=\"text-decoration: none;\" href=\"https:\/\/open.spotify.com\/episode\/1nHBFgqpxgC1SZShWuv14y\" rel=\"nofollow noopener\" target=\"_blank\">Die Gewinner und Verlierer der aktuellen Energiekrise<br \/><\/a><\/p>\n<p>Europ\u00e4ische Autoindustrie nicht abschreiben, hohe Effiziensteigerungen am Bau m\u00f6glich<\/p>\n<p>Die zentrale Frage, die sich Anleger aktuell stellen sollten: wie stark schlagen sich die gestiegenen \u00d6lpreise, Transportkosten und Energieabh\u00e4ngigkeit auf Unternehmen, Verbraucherinnen und Kapitalm\u00e4rkte durch. In dieser Podcast-Folge der Geldmeisterin spricht <a href=\"http:\/\/www.boerse-social.com\/persons\/julia_kistner\" class=\"person_link\" title=\"Julia Kistner im Personen-Verzeichnis\" target=\"_blank\" rel=\"nofollow noopener\"> Julia Kistner<\/a> mit #GuyStear, Head of Developed Markets Strategy beim Amundi Investment Institute \u00fcber die wirtschaftlichen Folgen steigender Energiepreise, die Auswirkungen geopolitischer Spannungen und die Frage, welche Branchen unter Druck geraten &#8211; und wo sich trotz Krise Chancen ergeben. Amundi rechnet im Szenario einer angespannten Lage rund um die Stra\u00dfe von Hormus mit \u00d6lpreisen um etwa 90 US-Dollar pro Barrel. Das w\u00e4re deutlich h\u00f6her als zu Jahresbeginn und w\u00fcrde viele Unternehmen erst mit Verz\u00f6gerung treffen, weil sie Lagerbest\u00e4nde und bestehende Vertr\u00e4ge kurzfristig noch abfedern k\u00f6nnen.Besonders betroffen sind laut Stear energieintensive Branchen: Transport, Luftfahrt, Chemie, D\u00fcngemittelproduktion und Teile der Industrie. Bei Unternehmen entscheidet vor allem, ob sie h\u00f6here Inputkosten an ihre KundInnen weitergeben k\u00f6nnen. Ein klares Bild hierzu k\u00f6nnten erst die kommenden Quartale liefern.Gleichzeitig gibt es auch Gewinner. So k\u00f6nnen Energieproduzenten au\u00dferhalb der Krisenregionen von h\u00f6heren Preisen profitieren. Auch Unternehmen, die weniger direkt von Energiepreisen abh\u00e4ngig sind und zugleich von strukturellen Trends wie K\u00fcnstlicher Intelligenz und hohen Investitionen in Rechenzentren, Infrastruktur und Automatisierung profitieren, bleiben interessant.<\/p>\n<p>Stear sieht hohe Investitionen in k\u00fcnstliche Intelligenz als wichtigen Motor, vor allem f\u00fcr die USA, aber auch zunehmend f\u00fcr Europa. Telekommunikations- und Kommunikationsdienstleister k\u00f6nnten vom steigenden Datenverkehr profitieren. Auch Finanzwerte k\u00f6nnten durch h\u00f6here Investitionst\u00e4tigkeit, Kreditnachfrage und ein Zinsumfeld mit wieder h\u00f6heren Renditen R\u00fcckenwind bekommen.Bei Konsumwerten ist Amundi vorsichtiger. H\u00f6here Energiepreise, h\u00f6here Zinsen und ein schw\u00e4cherer finanzieller Spielraum vieler Haushalte k\u00f6nnten sowohl zyklische Konsumwerte als auch Teile des Basiskonsums belasten. Auch Tourismus und Luftfahrt k\u00f6nnten darunter leiden, wenn Haushalte mehr Geld f\u00fcr Energie, Mobilit\u00e4t und Wohnen ausgeben m\u00fcsse.<\/p>\n<p>Spannend bleibt die Autoindustrie: Trotz aktueller Belastungen sieht Stear langfristige Chancen. Europ\u00e4ische Autobauer verf\u00fcgen \u00fcber viel Know-How in industrieller Fertigung, Prozessmanagement und automatisierter Produktion. Wenn KI st\u00e4rker in die physische Welt kommt &#8211; etwa \u00fcber Robotik, Drohnen oder neue Produktionsprozesse &#8211; k\u00f6nnten Industrie- und Autounternehmen davon profitieren.Auch Gesundheit und Biotechnologie bleiben aus Sicht von Amundi strukturell interessant. Eine alternde Bev\u00f6lkerung sorgt weiter f\u00fcr Nachfrage nach Medikamenten und Gesundheitsdienstleistungen. KI k\u00f6nnte zus\u00e4tzlich helfen, Forschung, Entwicklung und Prozesse im Gesundheitsbereich zu verbessern.Beim Immobiliensektor ist das Bild gemischt. Rechenzentren und neue Infrastruktur schaffen Nachfrage. Besonders interessant k\u00f6nnte KI im Bauwesen werden, wenn Robotik und Automatisierung langfristig die Produktivit\u00e4t steigern und Baukosten senken.Musik sieht Guy Stears auch bei gr\u00fcnen Technologien. Steigende Energiepreise und geopolitische Unsicherheit wirken als Katalysator f\u00fcr Elektrifizierung, erneuerbare Energien und Energieunabh\u00e4ngigkeit. L\u00e4nder und Unternehmen, die st\u00e4rker auf eigene Energieproduktion setzen &#8211; etwa durch Wind, Solar oder Atomkraft &#8211; k\u00f6nnten strukturell besser aufgestellt sein.Viele neue Investmentideen und viel H\u00f6rvergn\u00fcgen w\u00fcnscht Julia Kistner<\/p>\n<p>\u00a0<\/p>\n<p><a style=\"text-decoration: none;\" href=\"https:\/\/open.spotify.com\/episode\/1nHBFgqpxgC1SZShWuv14y\" rel=\"nofollow noopener\" target=\"_blank\"><br \/>Geldmeisterin (00:26:17), 07.06.<\/a><\/p>\n<p>\u00a0<\/p>\n<p>Abonnieren\u00a0Sie unseren\u00a0&#8222;Der \u00d6sterreichische Nachhaltigkeitspodcast&#8220;:\u00a0<a class=\"\" href=\"https:\/\/open.spotify.com\/show\/0o3zTp8jcDau4xunqzMFlJ\" rel=\"nofollow noopener\" target=\"_blank\">https:\/\/open.spotify.com\/show\/0o3zTp8jcDau4xunqzMFlJ<\/a><\/p>\n<p>Abonnieren\u00a0Sie unseren\u00a0&#8222;Podcast f\u00fcr junge Anleger jeden Alters&#8220;:\u00a0<a href=\"https:\/\/open.spotify.com\/show\/0hqGyjquzZMIMEDVezpwPU\" rel=\"nofollow noopener\" target=\"_blank\">https:\/\/open.spotify.com\/show\/0hqGyjquzZMIMEDVezpwPU<\/a><\/p>\n<p>Zur Playlist mit den Lieblingssongs der B\u00f6rsianerInnen:\u00a0<a class=\"\" href=\"https:\/\/open.spotify.com\/playlist\/7l9vfipnShL4FOmgEzQGmK\" rel=\"nofollow noopener\" target=\"_blank\">https:\/\/open.spotify.com\/playlist\/7l9vfipnShL4FOmgEzQGmK<\/a>,\u00a0Zuordnungen der Lieblingssongs unter:\u00a0\u00a0<a class=\"\" href=\"https:\/\/photaq.com\/page\/index\/3965\" rel=\"nofollow noopener\" target=\"_blank\">https:\/\/photaq.com\/page\/index\/3965<\/a>\u00a0<\/p>\n<p>(07.06.2026)<\/p>\n<p>\n BSN Podcasts\n<\/p>\n<p><a href=\"https:\/\/audio-cd.at\/page\/podcast\/8772\/\" style=\"text-decoration:none;line-height:1px;font-size:14px;color:#333\" wp_automatic_readability=\"4\" rel=\"nofollow noopener\" target=\"_blank\"><br \/>\n      Christian Drastil: Wiener B\u00f6rse Plausch<br \/>\n      <img decoding=\"async\" src=\"https:\/\/www.europesays.com\/at\/wp-content\/uploads\/2026\/06\/1780880596_517_100.jpeg\" style=\"width:50px; float:left;margin-right:10px;margin-top:2px\"\/><\/p>\n<p style=\"font-size:14px;margin-bottom:0;font-weight:normal;margin-top:6px;line-height:13px\">SportWoche \u00d6TV-Spitzentennis Podcast: Punkterekord 2026 dank der Damen, Theme-Song f\u00fcr ATP Challenger Tulln in Vorbereitung (H\u00f6rprobe)\n        <\/p>\n<p>      <\/a><br \/>\n<br clear=\"all\"\/><\/p>\n","protected":false},"excerpt":{"rendered":"07.06.2026, 6937 Zeichen Eine Auswahl der Redaktion von audio-cd.at und boerse-social.com : Zertifikate Party \u00d6sterreich: Volker Meinel, der&hellip;\n","protected":false},"author":2,"featured_media":203749,"comment_status":"","ping_status":"","sticky":false,"template":"","format":"standard","meta":{"footnotes":"","_share_on_mastodon":"0"},"categories":[14],"tags":[4227,59787,46,42,35791,18881,95,90,89,15120,9048,51546,91,94,59785,44,10549,724,59786,2723,93,92,34964,6545],"class_list":["post-203748","post","type-post","status-publish","format-standard","has-post-thumbnail","category-unternehmen-maerkte","tag-oumlsterreich","tag-2026zertifikate","tag-at","tag-austria","tag-auswahl","tag-award","tag-business","tag-companies","tag-companies-markets","tag-countdown","tag-eine","tag-hebel","tag-markets","tag-maerkte","tag-meinel","tag-oesterreich","tag-party","tag-redaktion","tag-sekundaumlrmarkt-titelverteidiger","tag-tage","tag-unternehmen","tag-unternehmen-maerkte","tag-volker","tag-zertifikate"],"share_on_mastodon":{"url":"https:\/\/pubeurope.com\/@at\/116711798239300089","error":""},"_links":{"self":[{"href":"https:\/\/www.europesays.com\/at\/wp-json\/wp\/v2\/posts\/203748","targetHints":{"allow":["GET"]}}],"collection":[{"href":"https:\/\/www.europesays.com\/at\/wp-json\/wp\/v2\/posts"}],"about":[{"href":"https:\/\/www.europesays.com\/at\/wp-json\/wp\/v2\/types\/post"}],"author":[{"embeddable":true,"href":"https:\/\/www.europesays.com\/at\/wp-json\/wp\/v2\/users\/2"}],"replies":[{"embeddable":true,"href":"https:\/\/www.europesays.com\/at\/wp-json\/wp\/v2\/comments?post=203748"}],"version-history":[{"count":0,"href":"https:\/\/www.europesays.com\/at\/wp-json\/wp\/v2\/posts\/203748\/revisions"}],"wp:featuredmedia":[{"embeddable":true,"href":"https:\/\/www.europesays.com\/at\/wp-json\/wp\/v2\/media\/203749"}],"wp:attachment":[{"href":"https:\/\/www.europesays.com\/at\/wp-json\/wp\/v2\/media?parent=203748"}],"wp:term":[{"taxonomy":"category","embeddable":true,"href":"https:\/\/www.europesays.com\/at\/wp-json\/wp\/v2\/categories?post=203748"},{"taxonomy":"post_tag","embeddable":true,"href":"https:\/\/www.europesays.com\/at\/wp-json\/wp\/v2\/tags?post=203748"}],"curies":[{"name":"wp","href":"https:\/\/api.w.org\/{rel}","templated":true}]}}